{"id":981,"date":"2018-10-01T12:16:31","date_gmt":"2018-10-01T11:16:31","guid":{"rendered":"http:\/\/www.btsasociados.com\/se-retrasa-hasta-2020-la-obligacion-de-relacionarse-electronicamente-con-la-administracion\/"},"modified":"2018-10-01T12:16:31","modified_gmt":"2018-10-01T11:16:31","slug":"se-retrasa-hasta-2020-la-obligacion-de-relacionarse-electronicamente-con-la-administracion","status":"publish","type":"post","link":"https:\/\/www.btsasociados.com\/en\/se-retrasa-hasta-2020-la-obligacion-de-relacionarse-electronicamente-con-la-administracion\/","title":{"rendered":"Se retrasa hasta 2020 la obligaci\u00f3n de relacionarse electr\u00f3nicamente con la Administraci\u00f3n"},"content":{"rendered":"<p><strong>Se ampl\u00eda en 2 a\u00f1os el plazo inicial de entrada en vigor de la obligaci\u00f3n de relacionarse electr\u00f3nicamente con la administraci\u00f3n p\u00fablica en relaci\u00f3n con el registro electr\u00f3nico. El nuevo plazo se fija en el 2 de octubre 2020.<\/strong><\/p>\n<p>La Ley 39\/2018, estableci\u00f3 la relaci\u00f3n electr\u00f3nica como la v\u00eda principal de tramitaci\u00f3n de los procedimientos administrativos. Para ello, se estableci\u00f3 la obligaci\u00f3n de las personas jur\u00eddicas, de las entidades sin personalidad jur\u00eddica, notarios y registradores de la propiedad y mercantiles, y de los representantes de los interesados de relacionarse de manera electr\u00f3nica con las administraciones. No obstante, esta obligaci\u00f3n se demor\u00f3 a 2-10-2018 en relaci\u00f3n con:<\/p>\n<ul>\n<li>El registro electr\u00f3\u200bnico de apoderamientos,<\/li>\n<li>Registro electr\u00f3nico<\/li>\n<li>Registro de empleados p\u00fablicos habilitados;<\/li>\n<li>Punto de acceso general electr\u00f3nico de la Administraci\u00f3n y<\/li>\n<li>Archivo \u00fanico electr\u00f3nico<\/li>\n<\/ul>\n<p>El RDL 11\/2018 modifica la <strong>disp.final 7\u00aa de la L 39\/2015<\/strong> con el objeto de<strong> ampliar el plazo<\/strong> a 2-10-2020 con el fin de llevar a cabo el desarrollo tecnol\u00f3gico necesario para llevar a cabo esta actividad con las administraciones p\u00fablicas.<\/p>\n","protected":false},"excerpt":{"rendered":"<p>Se ampl\u00eda en 2 a\u00f1os el plazo inicial de entrada en vigor de la obligaci\u00f3n de relacionarse electr\u00f3nicamente con la administraci\u00f3n p\u00fablica en relaci\u00f3n con&#8230;<\/p>\n","protected":false},"author":2,"featured_media":0,"comment_status":"closed","ping_status":"open","sticky":false,"template":"","format":"standard","meta":[],"categories":[18],"acf":[],"_links":{"self":[{"href":"https:\/\/www.btsasociados.com\/en\/wp-json\/wp\/v2\/posts\/981"}],"collection":[{"href":"https:\/\/www.btsasociados.com\/en\/wp-json\/wp\/v2\/posts"}],"about":[{"href":"https:\/\/www.btsasociados.com\/en\/wp-json\/wp\/v2\/types\/post"}],"author":[{"embeddable":true,"href":"https:\/\/www.btsasociados.com\/en\/wp-json\/wp\/v2\/users\/2"}],"replies":[{"embeddable":true,"href":"https:\/\/www.btsasociados.com\/en\/wp-json\/wp\/v2\/comments?post=981"}],"version-history":[{"count":0,"href":"https:\/\/www.btsasociados.com\/en\/wp-json\/wp\/v2\/posts\/981\/revisions"}],"wp:attachment":[{"href":"https:\/\/www.btsasociados.com\/en\/wp-json\/wp\/v2\/media?parent=981"}],"wp:term":[{"taxonomy":"category","embeddable":true,"href":"https:\/\/www.btsasociados.com\/en\/wp-json\/wp\/v2\/categories?post=981"}],"curies":[{"name":"wp","href":"https:\/\/api.w.org\/{rel}","templated":true}]}}