{"id":1151,"date":"2019-02-11T18:31:26","date_gmt":"2019-02-11T17:31:26","guid":{"rendered":"http:\/\/www.btsasociados.com\/el-gobierno-quiere-implantar-la-mochila-austriaca-desde-2020\/"},"modified":"2019-02-11T18:31:26","modified_gmt":"2019-02-11T17:31:26","slug":"el-gobierno-quiere-implantar-la-mochila-austriaca-desde-2020","status":"publish","type":"post","link":"https:\/\/www.btsasociados.com\/en\/el-gobierno-quiere-implantar-la-mochila-austriaca-desde-2020\/","title":{"rendered":"El Gobierno quiere implantar la \u2018mochila austriaca\u2019 desde 2020"},"content":{"rendered":"<div id=\"wrap_all\">\n<div id=\"main\">\n<div class=\"container_wrap main_color sidebar_right\">\n<div class=\"container template-blog template-single-blog\">\n<div class=\"content units eight alpha\">\n<div class=\"post-entry post-entry-type-standard post-entry-7006 post-loop-1 post-parity-odd\">\n<div class=\"seven units entry-content standard-content\">\n<div id=\"NoticiaPrincipal\">\n<div id=\"CuerpoNoticia\" class=\"NormalTextoNoticia\">\n<p><strong>Programa la reforma de la Seguridad Social en cinco a\u00f1os y ampliar el parque de vivienda social al 8% en 2030<\/strong><\/p>\n<p>El Gobierno incluye en la denominada \u2018Agenda del Cambio\u2019 la implantaci\u00f3n gradual del sistema de cuentas individuales de capitalizaci\u00f3n para la movilidad a trav\u00e9s de la creaci\u00f3n del fondo correspondiente, conocido como \u2018mochila austriaca\u2019, a partir del pr\u00f3ximo a\u00f1o, as\u00ed como la simplificaci\u00f3n y reordenaci\u00f3n del men\u00fa de contratos a tres f\u00f3rmulas: indefinido, temporal estructural y formativo.<\/p>\n<p>As\u00ed figura en la \u2018Agenda del Cambio\u2019 tomada en consideraci\u00f3n este viernes por el Consejo de Ministros, que incluye 60 nuevas medidas en formaci\u00f3n y capital humano, transici\u00f3n ecol\u00f3gica, avance cient\u00edfico y tecnol\u00f3gico, mercado laboral, igualdad y eficiencia de la Administraci\u00f3n para sentar las bases de un crecimiento \u201csostenible e incluso\u201d a medio y largo plazo.<\/p>\n<p>Entre las reformas incluidas en la agenda para un mercado laboral \u201ceficiente y justo\u201d el Gobierno proyecta para 2020 la implantaci\u00f3n gradual de un sistema de cuentas individuales de capitalizaci\u00f3n para la movilidad a trav\u00e9s de la creaci\u00f3n del fondo correspondiente.<\/p>\n<p>Dicho fondo permite a los trabajadores hacer efectivo el abono de las cantidades acumuladas a su favor en los supuestos de despido improcedente, de movilidad geogr\u00e1fica, para el desarrollo de actividades de formaci\u00f3n o en el momento de su jubilaci\u00f3n. \u201cEsta propuesta se abordar\u00e1 en el marco del di\u00e1logo social para que su dise\u00f1o y aprobaci\u00f3n cuente con los mayores consensos posibles\u201d, se\u00f1ala el Gobierno.<\/p>\n<p>Tambi\u00e9n se incluye la derogaci\u00f3n de los aspectos m\u00e1s lesivos de la reforma laboral de 2012, impulsar la lucha contra el fraude laboral y la simplificaci\u00f3n y reordenaci\u00f3n del men\u00fa de contratos de trabajo a tres f\u00f3rmulas contractuales: indefinido, temporal estructural y formativo.<\/p>\n<p>A su vez, se contempla la revisi\u00f3n del sistema de pr\u00e1cticas no laborales en empresas y reconducir a los titulados con estudios finalizados a los contratos laborales en pr\u00e1cticas. Simplificar y reducir la carga burocr\u00e1tica de los contratos de formaci\u00f3n y aprendizaje y acercar los centros formativos a las empresas en colaboraci\u00f3n con los agentes sociales y las comunidades aut\u00f3nomas es otra de las metas.<\/p>\n<p><strong>REFORMA DE LA SEGURIDAD SOCIALREFORMA DE LA SEGURIDAD SOCIAL<\/strong><\/p>\n<p>El Ejecutivo programa tambi\u00e9n la reforma del sistema de Seguridad Social de aqu\u00ed al a\u00f1o 2024, en el marco del di\u00e1logo social con empleadores y empleados, y de la Comisi\u00f3n de Seguimiento del Pacto de Toledo, con el fin de garantizar la sostenibilidad del sistema a largo plazo.<\/p>\n<p>De esta forma, se aprobar\u00e1n medidas para el refuerzo de los ingresos, revisi\u00f3n de los gastos y de la cobertura de determinados colectivos y la adaptaci\u00f3n de los diferentes par\u00e1metros del sistema. Junto al refuerzo del sistema p\u00fablico, el Gobierno tiene previsto desarrollar la previsi\u00f3n social en las empresas con sistemas de pensiones complementarias acordados entre empresarios y trabajadores, as\u00ed como la reorganizaci\u00f3n de la Seguridad Social para dotar de mayor eficacia a la gesti\u00f3n con menores costes.<\/p>\n<p>Igualmente, ver\u00e1n la luz incentivos en el mapa de prestaciones y subsidios para impulsar la b\u00fasqueda activa de empleo, y se reforzar\u00e1n las pol\u00edticas activas dirigidas a mejorar la empleabilidad de las personas en situaci\u00f3n de desempleo.<\/p>\n<p>Otras de las medidas recogidas en la \u2018Agenda del Cambio\u2019 en materia de mercado laboral son la elaboraci\u00f3n de un nuevo Estatuto de los Trabajadores, reformas para garantizar la migraci\u00f3n \u201cordenada, regular y segura\u201d y un plan de retorno a Espa\u00f1a, que se suman a otras ya aprobadas como la subida del Salario M\u00ednimo Interprofesional a 900 euros, o el Plan de choque por el empleo joven. Todas estas medidas se est\u00e1n poniendo en marcha este a\u00f1o o se proyectan para el pr\u00f3ximo ejercicio.<\/p>\n<p><strong>REFORZAR LA DISCIPLINA FISCAL EN TODAS LAS ADMINISTRACIONES<\/strong><\/p>\n<p>En cuanto a la fiscalidad del siglo XXI, el Gobierno ha incluido en la Agenda del Cambio el aumento de la progresividad y eficacia de los impuestos directos, como ya ha llevado a cabo con la reforma del Impuesto de Sociedades o del IRPF en los Presupuestos Generales del Estado de 2019, y en la misma l\u00ednea, tambi\u00e9n apuesta por modificar la tributaci\u00f3n de la riqueza, y cita en concreto el Impuesto sobre el Patrimonio o las rentas del capital.<\/p>\n<p>Respecto a la anunciada ley de prevenci\u00f3n y lucha contra el fraude fiscal, contempla la ampliaci\u00f3n del listado de deudores a la Hacienda P\u00fablica, l\u00edmites \u201cm\u00e1s rigurosos\u201d para los pagos en efectivo, prohibici\u00f3n del \u2018software\u2019 de doble uso o la creaci\u00f3n de una unidad de control de grandes patrimonios.<\/p>\n<p>Incluye tambi\u00e9n el impuesto sobre las transacciones financieras, ya aprobado y en tramitaci\u00f3n parlamentaria, y una nueva \u201cfiscalidad verde\u201d en el marco de los Presupuestos. El liderazgo en la lucha contra la evasi\u00f3n y elusi\u00f3n fiscal internacional mediante el control activa contra estos dos fen\u00f3menos en los foros internacionales es otra de las propuestas que recoge la Agenda del Cambio, a desarrollar este a\u00f1o.<\/p>\n<p>El Ejecutivo tambi\u00e9n quiere reforzar los mecanismos de disciplina fiscal para \u201crobustecer\u201d la orientaci\u00f3n de medio plazo de la pol\u00edtica presupuestaria, vinculando \u201cm\u00e1s estrechamente\u201d los programas de estabilidad trianuales con el proceso presupuestario anual por niveles de administraciones p\u00fablicas, as\u00ed como reforzar los mecanismos \u201cpreventivos y correctivos\u201d de desviaciones de d\u00e9ficit de las administraciones p\u00fablicas en todos sus niveles territoriales.<\/p>\n<p>Establecer un mecanismo de evaluaci\u00f3n de las pol\u00edticas p\u00fablicas y de sus resultados, de manera que se puedan valorar la eficiencia y eficacia para su redise\u00f1o si fuera necesario, es otro de los objetivos del Gobierno incluidos en la Agenda del Cambio.<\/p>\n<p><strong>AMPLIAR EL PARQUE DE VIVIENDA SOCIAL AL 8% EN 2030<\/strong><\/p>\n<p>En materia de vivienda, la \u2018Agenda del Cambio\u2019 tambi\u00e9n aboga por lograr ampliar en 20.000 propiedades el parque p\u00fablico de viviendas y por incrementar el parque de vivienda social o asequible desde el 2% actual al 8% en 2030.<\/p>\n<p>De igual forma, quiere movilizar el suelo p\u00fablico para crear propiedades sociales o asequibles o poner en marcha instrumentos financieros a trav\u00e9s del Instituto de Cr\u00e9dito Oficial (ICO) y el Banco Europeo de Inversiones (BEI) para la promoci\u00f3n de viviendas en alquiler de los principales agentes.<\/p>\n<p>Adem\u00e1s, recoge la reorientaci\u00f3n del Plan Estatal de Vivienda 2018-2021 para impulsar el alquiler asequible en coordinaci\u00f3n con las comunidades aut\u00f3nomas, con la intenci\u00f3n de configurar un parque\u00a0de vivienda social o sujeta a protecci\u00f3n que est\u00e9 al servicio de las pol\u00edticas p\u00fablicas de vivienda.<\/p>\n<p>Por otro lado, apuesta por impulsar medidas de agilizaci\u00f3n de tr\u00e1mites de concesi\u00f3n de licencias de obras para impulsar la construcci\u00f3n de viviendas o por actuaciones en materia de informaci\u00f3n y transparencia para dar seguimiento a la informaci\u00f3n sobre oferta de vivienda en alquiler y sobre la demanda.<\/p>\n<p>Entre otros objetivos de la Agenda 2030 y las medidas para la \u2018Agenda del Cambio\u2019 destacan el plan de modernizaci\u00f3n del comercio minorista 2019-2020, la estrategia Espa\u00f1a Naci\u00f3n Emprendedora, la Ley de \u2018startups\u2019 y la Ley de transformaci\u00f3n digital en el \u00e1mbito del sector financiero (sandbox) este a\u00f1o.<\/p>\n<\/div>\n<\/div>\n<\/div>\n<\/div>\n<\/div>\n<\/div>\n<\/div>\n<\/div>\n<\/div>\n","protected":false},"excerpt":{"rendered":"<p>Programa la reforma de la Seguridad Social en cinco a\u00f1os y ampliar el parque de vivienda social al 8% en 2030 El Gobierno incluye en&#8230;<\/p>\n","protected":false},"author":2,"featured_media":0,"comment_status":"closed","ping_status":"open","sticky":false,"template":"","format":"standard","meta":[],"categories":[19],"acf":[],"_links":{"self":[{"href":"https:\/\/www.btsasociados.com\/en\/wp-json\/wp\/v2\/posts\/1151"}],"collection":[{"href":"https:\/\/www.btsasociados.com\/en\/wp-json\/wp\/v2\/posts"}],"about":[{"href":"https:\/\/www.btsasociados.com\/en\/wp-json\/wp\/v2\/types\/post"}],"author":[{"embeddable":true,"href":"https:\/\/www.btsasociados.com\/en\/wp-json\/wp\/v2\/users\/2"}],"replies":[{"embeddable":true,"href":"https:\/\/www.btsasociados.com\/en\/wp-json\/wp\/v2\/comments?post=1151"}],"version-history":[{"count":0,"href":"https:\/\/www.btsasociados.com\/en\/wp-json\/wp\/v2\/posts\/1151\/revisions"}],"wp:attachment":[{"href":"https:\/\/www.btsasociados.com\/en\/wp-json\/wp\/v2\/media?parent=1151"}],"wp:term":[{"taxonomy":"category","embeddable":true,"href":"https:\/\/www.btsasociados.com\/en\/wp-json\/wp\/v2\/categories?post=1151"}],"curies":[{"name":"wp","href":"https:\/\/api.w.org\/{rel}","templated":true}]}}