{"id":1116,"date":"2018-12-27T17:47:23","date_gmt":"2018-12-27T16:47:23","guid":{"rendered":"http:\/\/www.btsasociados.com\/puede-un-ayuntamiento-poner-un-impuesto-por-vigilar-las-fincas-de-sus-vecinos\/"},"modified":"2018-12-27T17:47:23","modified_gmt":"2018-12-27T16:47:23","slug":"puede-un-ayuntamiento-poner-un-impuesto-por-vigilar-las-fincas-de-sus-vecinos","status":"publish","type":"post","link":"https:\/\/www.btsasociados.com\/en\/puede-un-ayuntamiento-poner-un-impuesto-por-vigilar-las-fincas-de-sus-vecinos\/","title":{"rendered":"\u00bfPuede un ayuntamiento poner un impuesto por vigilar las fincas de sus vecinos?"},"content":{"rendered":"<p>Un municipio aprob\u00f3 una tasa dirigida a los todos propietarios de fincas, bajo el concepto de \u201cguarder\u00eda rural\u201d, cuyos servicios no fueran concretados en la ordenanza fiscal. Al poder estar grav\u00e1ndose servicios de vigilancia p\u00fablica o de vigilancia privada exigida a los cotos, la ordenanza fue impugnada. No obstante, durante su tramitaci\u00f3n, el Secretario municipal emiti\u00f3 un informe en el que se citaban los servicios que otro municipio prestaba por un concepto similar.<\/p>\n<p>Roberto Alonso G\u00f3mez\u00c1rea Fiscal y Social. Departamento de Desarrollo y Soluciones de Contenidos \u2013 Legal &amp; T &amp; A<\/p>\n<p>La cuesti\u00f3n ya fue resuelta por el Supremo en su STS de 19 de julio de 2016 (RJ 2016, 3417). El principio de legalidad del art. 31.1 CE, en consonancia con los art. 133.2, 140, y 142 CE, permiten a los municipios la creaci\u00f3n de tributos propios, pero en atenci\u00f3n al art. 20.1 de la Ley 58\/2003, el hecho imponible que origina el nacimiento de la obligaci\u00f3n de contribuir, debe ser claro y preciso en la ordenanza. No se cumple esta obligaci\u00f3n con la remisi\u00f3n a los servicios de una tasa similar de otra localidad.<\/p>\n<p>Hay que tener en cuenta que existen conceptos que en s\u00ed mismos ofrecen la suficiente precisi\u00f3n, &#8220;como el suministro de agua potable a las poblaciones&#8221;, pero no es el caso del concepto de &#8220;guarder\u00eda rural&#8221;, que, aunque aparezca referenciado en el art. 20.4.d) TRLRHL (RDLeg. 2\/2004), es imprescindible que se definan en una norma los servicios que aqu\u00ed se incluyen. Tambi\u00e9n cabr\u00eda la posibilidad de que el concepto indefinido perteneciera al acervo com\u00fan de los destinatarios, y se estar\u00eda cumpliendo con la finalidad perseguida, al ser el hecho imponible conocido por los sujetos pasivos, pero este no es el caso. Y no cabe remitirse a normas remotas pues no es una forma clara de determinar el presupuesto que origina el nacimiento de la obligaci\u00f3n de contribuir.<\/p>\n<p>Por tanto, &#8220;los ayuntamientos que decidan establecer esta tasa por guarder\u00eda rural deben realizar el peque\u00f1o esfuerzo de definir clara y n\u00edtidamente en la correspondiente ordenanza fiscal el contenido de los servicios cuya prestaci\u00f3n legitima su exacci\u00f3n&#8221;. La ordenanza fue anulada.<\/p>\n","protected":false},"excerpt":{"rendered":"<p>Un municipio aprob\u00f3 una tasa dirigida a los todos propietarios de fincas, bajo el concepto de \u201cguarder\u00eda rural\u201d, cuyos servicios no fueran concretados en la&#8230;<\/p>\n","protected":false},"author":2,"featured_media":0,"comment_status":"closed","ping_status":"open","sticky":false,"template":"","format":"standard","meta":[],"categories":[18],"acf":[],"_links":{"self":[{"href":"https:\/\/www.btsasociados.com\/en\/wp-json\/wp\/v2\/posts\/1116"}],"collection":[{"href":"https:\/\/www.btsasociados.com\/en\/wp-json\/wp\/v2\/posts"}],"about":[{"href":"https:\/\/www.btsasociados.com\/en\/wp-json\/wp\/v2\/types\/post"}],"author":[{"embeddable":true,"href":"https:\/\/www.btsasociados.com\/en\/wp-json\/wp\/v2\/users\/2"}],"replies":[{"embeddable":true,"href":"https:\/\/www.btsasociados.com\/en\/wp-json\/wp\/v2\/comments?post=1116"}],"version-history":[{"count":0,"href":"https:\/\/www.btsasociados.com\/en\/wp-json\/wp\/v2\/posts\/1116\/revisions"}],"wp:attachment":[{"href":"https:\/\/www.btsasociados.com\/en\/wp-json\/wp\/v2\/media?parent=1116"}],"wp:term":[{"taxonomy":"category","embeddable":true,"href":"https:\/\/www.btsasociados.com\/en\/wp-json\/wp\/v2\/categories?post=1116"}],"curies":[{"name":"wp","href":"https:\/\/api.w.org\/{rel}","templated":true}]}}