{"id":6116,"date":"2025-01-28T17:25:04","date_gmt":"2025-01-28T16:25:04","guid":{"rendered":"https:\/\/www.btsasociados.com\/?p=6116"},"modified":"2025-01-28T17:25:05","modified_gmt":"2025-01-28T16:25:05","slug":"nou-paquet-de-mesures-en-materia-tributaria-2","status":"publish","type":"post","link":"https:\/\/www.btsasociados.com\/ca\/nou-paquet-de-mesures-en-materia-tributaria-2\/","title":{"rendered":"<br>Nou paquet de mesures en mat\u00e8ria tribut\u00e0ria"},"content":{"rendered":"\n<h4><br><strong>Mesures fiscals des de 1-1-2025<\/strong><\/h4>\n\n\n\n<ol>\n<li>S&#8217;eleva a 2.500 euros la quantia total dels rendiments \u00edntegres del treball procedents del segon i restants pagadors, de manera que operi, en aquests casos, el l\u00edmit general de 22.000 euros de rendiments \u00edntegres del treball per a estar obligat a presentar declaraci\u00f3 per aquest impost.<\/li>\n\n\n\n<li>S&#8217;amplia un any m\u00e9s l&#8217;\u00e0mbit temporal d&#8217;aplicaci\u00f3 de la deducci\u00f3 per obres de millora de l&#8217;efici\u00e8ncia energ\u00e8tica d&#8217;habitatges.<\/li>\n\n\n\n<li>Aix\u00ed mateix s&#8217;amplia un any m\u00e9s l&#8217;\u00e0mbit temporal d&#8217;aplicaci\u00f3 de la deducci\u00f3 per l&#8217;adquisici\u00f3 de vehicles el\u00e8ctrics \u00abendollables\u00bb i de pila de combustible i punts de rec\u00e0rrega.<\/li>\n\n\n\n<li>Es prorroguen per al per\u00edode impositiu 2025 els l\u00edmits quantitatius que delimiten l&#8217;\u00e0mbit d&#8217;aplicaci\u00f3 del m\u00e8tode d&#8217;estimaci\u00f3 objectiva amb excepci\u00f3 de les activitats agr\u00edcoles, ramaderes i forestals, que tenen el seu propi l\u00edmit quantitatiu per volum d&#8217;ingressos.<\/li>\n<\/ol>\n\n\n\n<p>A conseq\u00fc\u00e8ncia de la pr\u00f2rroga, s&#8217;estableix un nou termini per a presentar les ren\u00fancies o revocacions a aquest m\u00e8tode, que abasta des del 25-12-2024 fins al 31-1-2025. Les ren\u00fancies i revocacions presentades, per a l&#8217;any 2025, durant el mes de desembre de 2024, amb anterioritat a l&#8217;inici del termini abans assenyalat, s&#8217;entenen efectuades en per\u00edode h\u00e0bil, sense perjudici que els contribuents puguin modificar la seva opci\u00f3 dins del nou termini prorrogat.<\/p>\n\n\n\n<h4><strong>Desde 1-1-2024<\/strong><\/h4>\n\n\n\n<p>S&#8217;est\u00e9n al per\u00edode impositiu 2024 la imputaci\u00f3 de rendes immobili\u00e0ries al 1,1% per als immobles localitzats en aquells municipis en qu\u00e8 els valors cadastrals hagin estat revisats, modificats o determinats mitjan\u00e7ant un procediment de valoraci\u00f3 col\u00b7lectiva de car\u00e0cter general, sempre que haguessin entrat en vigor a partir de 1-1-2012.<\/p>\n\n\n\n<h4><strong>Impost de societats (IS)<\/strong><\/h4>\n\n\n\n<p>Es prorroga la llibertat d&#8217;amortitzaci\u00f3 en inversions que utilitzin energia procedent de fonts renovables de manera que tamb\u00e9 ser\u00e0 aplicable en els per\u00edodes impositius que s&#8217;inici\u00efn o concloguin en 2025, quan l&#8217;entrada en funcionament dels elements que poden acollir-se a la llibertat d&#8217;amortitzaci\u00f3, es produeixi en 2025.<\/p>\n\n\n\n<h4><strong>Impost sobre el Valor Afegit (IVA)<\/strong><\/h4>\n\n\n\n<ul>\n<li>Des de 1-1-2025, s&#8217;amplia a l&#8217;exercici 2025 el l\u00edmit excloent de 250.000 euros en lloc dels 150.000 euros.<\/li>\n<\/ul>\n\n\n\n<p>A conseq\u00fc\u00e8ncia de la pr\u00f2rroga, s&#8217;estableix un nou termini de ren\u00fancies i revocacions<br>d&#8217;aquests r\u00e8gims, que abasta des del 25-12-2024 fins al 31-1-2025.<\/p>\n\n\n\n<p>Les ren\u00fancies i revocacions presentades, per a l&#8217;any 2025, durant el mes de desembre de 2024, amb anterioritat a l&#8217;inici del termini abans assenyalat, s&#8217;entenen efectuades en per\u00edode h\u00e0bil, sense perjudici que els contribuents puguin modificar la seva opci\u00f3 dins del nou termini prorrogat.<\/p>\n\n\n\n<ul>\n<li>Des del 25-12-2024, quant als dip\u00f2sits fiscals s&#8217;inclou el gasoil bonificat en el nou sistema de gesti\u00f3 de les extraccions de dip\u00f2sit fiscal, i es rebaixa a 550 milions el volum d&#8217;extraccions necessari per a atribuir la qualificaci\u00f3 d&#8217;operador de confian\u00e7a.<\/li>\n<\/ul>\n\n\n\n<p><strong>Impost sobre l&#8217;Increment de Valor dels Terrenys de Naturalesa Urbana (IIVTNU)<\/strong><\/p>\n\n\n\n<p>A l&#8217;efecte de calcular la base imposable de l&#8217;Impost segons el sistema objectiu, amb efectes<br>des del 1-1-2025, els imports m\u00e0xims dels coeficients a aplicar sobre el valor del terreny en el moment de meritaci\u00f3, segons el per\u00edode de generaci\u00f3 de l&#8217;increment de valor, s\u00f3n els seg\u00fcents:<\/p>\n\n\n\n<figure class=\"wp-block-table is-style-stripes\"><table><tbody><tr><td><strong>Per\u00edode de generaci\u00f3<\/strong><\/td><td><strong>Coeficient<\/strong><\/td><\/tr><tr><td>Inferior a 1 un any.<\/td><td>0,16<\/td><\/tr><tr><td>1 any.<\/td><td>0,15<\/td><\/tr><tr><td>2 anys.<\/td><td>0,15<\/td><\/tr><tr><td>3 anys.<\/td><td>0,15<\/td><\/tr><tr><td>4 anys.<\/td><td>0,16<\/td><\/tr><tr><td>5 anys.<\/td><td>0,18<\/td><\/tr><tr><td>6 anys.<\/td><td>0,20<\/td><\/tr><tr><td>7 anys.<\/td><td>0,22<\/td><\/tr><tr><td>8 anys.<\/td><td>0,23<\/td><\/tr><tr><td>9 anys.<\/td><td>0,21<\/td><\/tr><tr><td>10 anys.<\/td><td>0,16<\/td><\/tr><tr><td>11 anys.<\/td><td>0,13<\/td><\/tr><tr><td>12 anys.<\/td><td>0,11<\/td><\/tr><tr><td>13 anys.<\/td><td>0,10<\/td><\/tr><tr><td>14 anys.<\/td><td>0,10<\/td><\/tr><\/tbody><\/table><\/figure>\n\n\n\n<h4><br><strong>Tarifes de l&#8217;Impost sobre Activitats Econ\u00f2miques (IAE)<\/strong><\/h4>\n\n\n\n<p>Amb efectes des del 1-1-2025 es modifica el grup 861 de la secci\u00f3 2a (Activitats professionals) de les Tarifes de l&#8217;IAE per a incorporessin el mateix als Artistes d&#8217;Art Sacre.<\/p>\n\n\n\n<h4><strong>Impost sobre els L\u00edquids de Cigarrets Electr\u00f2nics i altres Productes relacionats amb el Tabac<\/strong><\/h4>\n\n\n\n<p>Es retarda al 1-4-2025 l&#8217;entrada en vigor del nou Impost sobre els L\u00edquids de Cigarrets Electr\u00f2nics i altres Productes relacionats amb el Tabac, amb el\u00a0fi\u00a0n d&#8217;assegurar major marge temporal per a la deguda assimilaci\u00f3 de les obligacions que la normativa imposa als contribuents del nou Impost. A m\u00e9s, s&#8217;estableix un procediment de reglamentaci\u00f3 t\u00e8cnica.<\/p>\n\n\n\n<h4><strong>Impost sobre el marge d&#8217;interessos i comissions de determinades entitats financeres<\/strong><\/h4>\n\n\n\n<p>Es modifiquen, per raons t\u00e8cniques, uns certs elements de l&#8217;impost, b\u00e0sicament,<br>per\u00edode impositiu i meritaci\u00f3, i, conseq\u00fcentment, en nom de la neutralitat d&#8217;aquestes modificacions, es preveu un ajust en quota en el cas que es duguin a terme operacions de modificaci\u00f3 estructural en les quals s&#8217;extingeixin entitats.<\/p>\n\n\n\n<h4><strong>UEFA Champions League Femenina 2024 i UEFA Europa\u00a0League\u00a02025<\/strong><\/h4>\n\n\n\n<p>En relaci\u00f3 amb el r\u00e8gim fiscal aplicable a les finals de la \u00abUEFA Champions League Femenina 2024\u00bb i de la \u00abUEFA Europa&nbsp;League&nbsp;2025\u00bbs&#8217;estableix:<\/p>\n\n\n\n<p>a) Les persones f\u00edsiques que adquireixin la condici\u00f3 de contribuents de l&#8217;IRPF a conseq\u00fc\u00e8ncia del seu despla\u00e7ament a territori espanyol amb motiu de les finals de la UEFA Champions League Femenina 2024 i la UEFA Europa&nbsp;League&nbsp;2025, podran optar per tributar pel r\u00e8gim especial per a treballadors despla\u00e7ats a territori espanyol.<\/p>\n\n\n\n<p>b)Les persones jur\u00eddiques constitu\u00efdes per l&#8217;entitat organitzadora o els equips participants, gaudeixen de l&#8217;exempci\u00f3 en el&nbsp;IS&nbsp;per les rendes obtingudes durant la celebraci\u00f3 d&#8217;aquests esdeveniments, sempre que estiguin directament relacionades amb la seva participaci\u00f3 en ells.<\/p>\n\n\n\n<p>c) En l&#8217;\u00e0mbit del&nbsp;IRNR, es preveuen una s\u00e8rie d&#8217;incentius fiscals tant per a l&#8217;entitat organitzadora i els equips participants en l&#8217;esdeveniment com per a les persones f\u00edsiques que prestin serveis als anteriors.<\/p>\n\n\n\n<p>d) Pel que fa a l&#8217;IVA, s&#8217;estableixen mesures especials en relaci\u00f3 amb:<\/p>\n\n\n\n<ul>\n<li>la devoluci\u00f3 de quotes suportades en la realitzaci\u00f3 d&#8217;operacions relacionades amb la celebraci\u00f3 de l&#8217;esdeveniment esportiu;<\/li>\n\n\n\n<li>el nomenament de representant;<\/li>\n\n\n\n<li>la importaci\u00f3 de b\u00e9ns utilitzats temporalment en el desenvolupament d&#8217;aquests esdeveniments;<\/li>\n\n\n\n<li> i l&#8217;aplicaci\u00f3 la regla d&#8217;utilitzaci\u00f3 efectiva.<\/li>\n<\/ul>\n\n\n\n<p><\/p>\n\n\n\n<ul>\n<li>Qualsevol dubte que els sorgeixen respecte a aquest tema no dubtin a dirigir-se a nosaltres, telef\u00f2nicament a Carles Monfort\u00a0Codina\u00a0o al seu e-mail <a rel=\"noreferrer noopener\" href=\"mailto:cmc@btsasociados.com\" target=\"_blank\">cmc@btsasociados.com<\/a>, estarem encantats a atendre&#8217;ls.<\/li>\n<\/ul>\n","protected":false},"excerpt":{"rendered":"<p>Mesures fiscals des de 1-1-2025 A conseq\u00fc\u00e8ncia de la pr\u00f2rroga, s&#8217;estableix un nou termini per a presentar les ren\u00fancies o revocacions a aquest m\u00e8tode, que&#8230;<\/p>\n","protected":false},"author":2,"featured_media":0,"comment_status":"closed","ping_status":"open","sticky":false,"template":"","format":"standard","meta":[],"categories":[14],"acf":[],"_links":{"self":[{"href":"https:\/\/www.btsasociados.com\/ca\/wp-json\/wp\/v2\/posts\/6116"}],"collection":[{"href":"https:\/\/www.btsasociados.com\/ca\/wp-json\/wp\/v2\/posts"}],"about":[{"href":"https:\/\/www.btsasociados.com\/ca\/wp-json\/wp\/v2\/types\/post"}],"author":[{"embeddable":true,"href":"https:\/\/www.btsasociados.com\/ca\/wp-json\/wp\/v2\/users\/2"}],"replies":[{"embeddable":true,"href":"https:\/\/www.btsasociados.com\/ca\/wp-json\/wp\/v2\/comments?post=6116"}],"version-history":[{"count":1,"href":"https:\/\/www.btsasociados.com\/ca\/wp-json\/wp\/v2\/posts\/6116\/revisions"}],"predecessor-version":[{"id":6117,"href":"https:\/\/www.btsasociados.com\/ca\/wp-json\/wp\/v2\/posts\/6116\/revisions\/6117"}],"wp:attachment":[{"href":"https:\/\/www.btsasociados.com\/ca\/wp-json\/wp\/v2\/media?parent=6116"}],"wp:term":[{"taxonomy":"category","embeddable":true,"href":"https:\/\/www.btsasociados.com\/ca\/wp-json\/wp\/v2\/categories?post=6116"}],"curies":[{"name":"wp","href":"https:\/\/api.w.org\/{rel}","templated":true}]}}