{"id":5978,"date":"2024-08-21T11:51:07","date_gmt":"2024-08-21T10:51:07","guid":{"rendered":"https:\/\/www.btsasociados.com\/?p=5978"},"modified":"2024-08-21T11:53:54","modified_gmt":"2024-08-21T10:53:54","slug":"existeix-obligacio-didentificar-se-en-ser-requerit-per-la-policia","status":"publish","type":"post","link":"https:\/\/www.btsasociados.com\/ca\/existeix-obligacio-didentificar-se-en-ser-requerit-per-la-policia\/","title":{"rendered":"Existeix obligaci\u00f3 d&#8217;identificar-se en ser requerit per la Policia?"},"content":{"rendered":"\n<p>La q\u00fcesti\u00f3 del deure d&#8217;identificar-se davant els agents de l&#8217;autoritat es troba envoltada de mites que ens poden portar problemes si els assumim com a certs. Existeix en determinats sectors la creen\u00e7a que no \u00e9s obligatori identificar-se davant la policia o que nom\u00e9s \u00e9s obligatori quan s&#8217;ha com\u00e8s un presumpte delicte.<\/p>\n\n\n\n<p>Legalment ens poden requerir el DNI tant quan existeixin indicis que hem com\u00e8s una infracci\u00f3 penal, \u00e9s a dir, un delicte, com quan hi ha indicis que hem com\u00e8s una infracci\u00f3 administrativa.<\/p>\n\n\n\n<p>No obstant aix\u00f2, tamb\u00e9 \u00e9s legal que ens reclamin el DNI en labors de prevenci\u00f3, per\u00f2 nom\u00e9s per a prevenir delictes, no per a prevenir infraccions administratives.<\/p>\n\n\n\n<h4><strong>Qu\u00e8 ocorre si ens neguem a identificar-nos?<\/strong><\/h4>\n\n\n\n<p>Si la persona es negu\u00e9s a identificar-se els agents, per a impedir la comissi\u00f3 d&#8217;un delicte o per a sancionar una infracci\u00f3, requeriran a la persona perqu\u00e8 els acompanyi a comissaria, \u00fanicament per a identificar-li (mitjan\u00e7ant presa de petjades i\/ de fotografies), i <strong>per un temps m\u00e0xim de sis hores.<\/strong><\/p>\n\n\n\n<p>De nou s&#8217;estableix una diferenciaci\u00f3 entre delicte i infracci\u00f3 administrativa. Si hi ha indicis que hem com\u00e8s una infracci\u00f3 administrativa s\u00ed que podrem ser requerits per a acudir a comissaria, per\u00f2 <strong>no estarem obligats a aix\u00f2 quan es pretengui prevenir una infracci\u00f3 administrativa.<\/strong> La identificaci\u00f3 en depend\u00e8ncies policials en labors de prevenci\u00f3 nom\u00e9s es permet en mat\u00e8ria delictiva.<\/p>\n\n\n\n<p>Simult\u00e0niament a ser obligats a acudir a comissaria podrem ser sancionats conforme la Llei de Seguretat Ciutadana per una <strong>infracci\u00f3 greu.<\/strong><\/p>\n\n\n\n<h4><strong>I si no porto el DNI damunt?<\/strong><\/h4>\n\n\n\n<p>A difer\u00e8ncia del que es cre\u00ef, no \u00e9s obligatori portar sempre el DNI all\u00e0 on anem. La Llei \u00fanicament obliga el seu titular a mantenir-lo en vigor i conservar-ho i custodiar-ho amb la deguda dilig\u00e8ncia.<\/p>\n\n\n\n<p>Quant a la targeta d&#8217;Identitat d&#8217;Estranger, o qualsevol document que acrediti la identitat, per al qual s\u00ed que existeix obligaci\u00f3 de portar-lo.<\/p>\n\n\n\n<p>Si no portem el DNI i tampoc el passaport, per\u00f2 tenim el perm\u00eds de conduir, una targeta de cr\u00e8dit o similar \u00e9s possible que l&#8217;agent doni per satisfeta l&#8217;obligaci\u00f3 d&#8217;identificar-nos. Si no \u00e9s aix\u00ed, haurem d&#8217;acudir a comissaria per a la identificaci\u00f3. Ara b\u00e9, no podrem ser sancionats per no portar documentaci\u00f3 identificativa.<\/p>\n\n\n\n<p>Qualsevol dubte que els sorgeixen respecte a aquest tema no dubtin a dirigir-se a nosaltres, telef\u00f2nicament a N\u00faria Mart\u00ed Garc\u00eda o al seu e-mail <a href=\"mailto:nmg@btsasociados.com\">nmg@btsasociados.com<\/a>, estarem encantats a atendre-li.<\/p>\n","protected":false},"excerpt":{"rendered":"<p>La q\u00fcesti\u00f3 del deure d&#8217;identificar-se davant els agents de l&#8217;autoritat es troba envoltada de mites que ens poden portar problemes si els assumim com a&#8230;<\/p>\n","protected":false},"author":2,"featured_media":0,"comment_status":"closed","ping_status":"open","sticky":false,"template":"","format":"standard","meta":[],"categories":[15],"acf":[],"_links":{"self":[{"href":"https:\/\/www.btsasociados.com\/ca\/wp-json\/wp\/v2\/posts\/5978"}],"collection":[{"href":"https:\/\/www.btsasociados.com\/ca\/wp-json\/wp\/v2\/posts"}],"about":[{"href":"https:\/\/www.btsasociados.com\/ca\/wp-json\/wp\/v2\/types\/post"}],"author":[{"embeddable":true,"href":"https:\/\/www.btsasociados.com\/ca\/wp-json\/wp\/v2\/users\/2"}],"replies":[{"embeddable":true,"href":"https:\/\/www.btsasociados.com\/ca\/wp-json\/wp\/v2\/comments?post=5978"}],"version-history":[{"count":2,"href":"https:\/\/www.btsasociados.com\/ca\/wp-json\/wp\/v2\/posts\/5978\/revisions"}],"predecessor-version":[{"id":5983,"href":"https:\/\/www.btsasociados.com\/ca\/wp-json\/wp\/v2\/posts\/5978\/revisions\/5983"}],"wp:attachment":[{"href":"https:\/\/www.btsasociados.com\/ca\/wp-json\/wp\/v2\/media?parent=5978"}],"wp:term":[{"taxonomy":"category","embeddable":true,"href":"https:\/\/www.btsasociados.com\/ca\/wp-json\/wp\/v2\/categories?post=5978"}],"curies":[{"name":"wp","href":"https:\/\/api.w.org\/{rel}","templated":true}]}}