{"id":5539,"date":"2023-09-20T16:06:03","date_gmt":"2023-09-20T15:06:03","guid":{"rendered":"https:\/\/www.btsasociados.com\/?p=5539"},"modified":"2023-09-20T16:06:04","modified_gmt":"2023-09-20T15:06:04","slug":"novetats-en-la-jubilacio-parcial-en-2023","status":"publish","type":"post","link":"https:\/\/www.btsasociados.com\/ca\/novetats-en-la-jubilacio-parcial-en-2023\/","title":{"rendered":"Novetats en la jubilaci\u00f3 parcial en 2023"},"content":{"rendered":"\n<h4><strong>Qu\u00e8 \u00e9s la jubilaci\u00f3 parcial?<\/strong><\/h4>\n\n\n\n<p>La jubilaci\u00f3 parcial \u00e9s aquella iniciada despr\u00e9s del compliment dels 60 anys<strong>, simult\u00e0nia amb un contracte de treball a temps parcial, i vinculada o no amb un contracte de relleu celebrat amb un altre treballador <\/strong>que es trobi en unes certes circumst\u00e0ncies.<\/p>\n\n\n\n<h4><strong>Existeixen dues modalitats de jubilaci\u00f3 parcial:<\/strong><\/h4>\n\n\n\n<p>1. L&#8217;anomenada <strong>jubilaci\u00f3 parcial amb contracte de relleu<\/strong>, que \u00e9s aquella a la qual accedeix el treballador quan t\u00e9 <strong>l&#8217;edat m\u00ednima establerta legalment <\/strong>(per a aquesta modalitat de jubilaci\u00f3 parcial) i acorda amb l&#8217;ocupador la reducci\u00f3 de la seva jornada dins dels l\u00edmits legals. El treballador i l&#8217;ocupador signen un <strong>contracte a temps parcial, i el treballador comen\u00e7a a percebre la pensi\u00f3 de jubilaci\u00f3 que substitueix als ingressos perduts per la reducci\u00f3 de la jornada laboral. <\/strong>En aquesta modalitat \u00e9s necessari que el treballador jubilat parcialment sigui substitu\u00eft per un altre treballador (anomenat rellevista) que aquest en desocupaci\u00f3, o b\u00e9 per un treballador de la mateixa empresa amb un contracte temporal, <strong>al qual s&#8217;ha d&#8217;ampliar la jornada que realitzava.<\/strong><\/p>\n\n\n\n<p>Els requisits per a acc\u00e9s a la jubilaci\u00f3 parcial amb contracte de relleu s\u00f3n els seg\u00fcents:<\/p>\n\n\n\n<ul>\n<li>Un per\u00edode de cotitzaci\u00f3 m\u00ednim de 33 anys en moment del fet causant de la pensi\u00f3 de jubilaci\u00f3, sense que pugui tenir-se en compte la part proporcional de les pagues extraordin\u00e0ries, per\u00f2 si els per\u00edodes de servei militar, prestaci\u00f3 substitut\u00f2ria social substitut\u00f2ria i servei social femen\u00ed (amb el l\u00edmit m\u00e0xim d&#8217;un any).<\/li>\n\n\n\n<li>Comptar amb l&#8217;edat m\u00ednima requerida, en funci\u00f3 del per\u00edode de cotitzaci\u00f3 acreditat, edat que s&#8217;ha incrementat en aquest any 2023, tal com indiquem m\u00e9s endavant.<\/li>\n\n\n\n<li>Acreditar un m\u00ednim de 6 anys d&#8217;antiguitat en l&#8217;empresa de forma continuada, b\u00e9 a temps complet o a temps parcial.<\/li>\n\n\n\n<li>La contractaci\u00f3 d&#8217;un rellevista per part de l&#8217;empresa, b\u00e9 un aturat o b\u00e9 un treballador de l&#8217;empresa que millori la seva jornada laboral i les seves condicions. La durada m\u00ednima d&#8217;aquest contracte de relleu haur\u00e0 de ser el temps que falti perqu\u00e8 el jubilat parcial passi a la situaci\u00f3 de jubilat total.<\/li>\n\n\n\n<li>La base de cotitzaci\u00f3 del treballador rellevista no podr\u00e0 ser inferior al 65% de la mitjana de les bases de cotitzaci\u00f3 dels 6 \u00faltims mesos del per\u00edode considerat per a c\u00e0lcul basi reguladora de la pensi\u00f3 de jubilaci\u00f3 parcial del jubilat parcial.<\/li>\n<\/ul>\n\n\n\n<p>2. La jubilaci\u00f3 parcial sense contracte de relleu, es produeix quan el treballador ha complert l&#8217;edat legal ordin\u00e0ria de jubilaci\u00f3 (*)\u00a0i accedeix a la jubilaci\u00f3 parcial, signant un contracte a temps parcial amb l&#8217;empresari. En aquest cas, no \u00e9s necessari subscriure contracte de relleu amb un altre treballador.<\/p>\n\n\n\n<p class=\"has-small-font-size\"><br>(*)\u00a0Edat legal de jubilaci\u00f3: en 2023 66 anys i 4 mesos quan es disposa de menys de 37 anys i 9 mesos de cotitzacions. En cas acumular 37 anys i 9 mesos o m\u00e9s de per\u00edode cotitzat, \u00e9s possible jubilar-se amb 65 anys.<\/p>\n\n\n\n<p>Per a l&#8217;acc\u00e9s a la <strong>jubilaci\u00f3 parcial sense contracte de relleu,<\/strong> es requereix comptar amb un per\u00edode m\u00ednim de cotitzaci\u00f3 de 15 anys, dels quals 2 anys de cotitzaci\u00f3 han d&#8217;estar compresos en els \u00faltims 15 anys.<\/p>\n\n\n\n<h4><strong>Novetats en 2023 de la jubilaci\u00f3 parcial amb contracte de relleu<\/strong><\/h4>\n\n\n\n<p>Les novetats fan refer\u00e8ncia a dues dels seus requisits.<\/p>\n\n\n\n<h4><strong>Edat de jubilaci\u00f3 parcial amb contracte de relleu<\/strong><\/h4>\n\n\n\n<p>S&#8217;ha incrementat en 2023 l&#8217;edat m\u00ednima per a acc\u00e9s a la jubilaci\u00f3 parcial amb contracte de relleu. Per als treballadors no mutualistes, l&#8217;edat de jubilaci\u00f3 parcial est\u00e0 subjecta a l&#8217;aplicaci\u00f3 d&#8217;una transit\u00f2ria que incrementa la mateixa, any rere any, fins a arribar a 2027:<\/p>\n\n\n\n<ul>\n<li><strong>L&#8217;any 2022 <\/strong>l&#8217;edat m\u00ednima era de 63 anys i 4 mesos en el cas de disposar de 33 anys o m\u00e9s cotitzats, o b\u00e9 62 anys i dos mesos per a treballadors que hagin cotitzat 35 anys i 6 mesos o m\u00e9s<\/li>\n\n\n\n<li><strong>L&#8217;any 2023, l&#8217;edat m\u00ednima <\/strong>per a accedir a la jubilaci\u00f3 parcial amb contracte de relleu s\u00f3n <strong>63 anys i 8 mesos en el cas de disposar de 33 anys o m\u00e9s cotitzats,<\/strong> o b\u00e9 62 anys i 4 mesos en cas de disposar de 35 anys i 9 mesos o m\u00e9s cotitzats en el moment de causar la jubilaci\u00f3.<\/li>\n\n\n\n<li>A partir de 2027 l&#8217;edat m\u00ednima de jubilaci\u00f3 parcial ser\u00e0 63 anys, per a qui tingui m\u00e9s de 36 anys i 6 mesos cotitzats, i 65 anys en els altres casos.<\/li>\n<\/ul>\n\n\n\n<h4><strong>Base de cotitzaci\u00f3 considerada en la jubilaci\u00f3 parcial amb contracte de relleu<\/strong><\/h4>\n\n\n\n<p>A l&#8217;efecte de determinaci\u00f3 de la base per la qual es cotitza i la corresponent quota de cotitzaci\u00f3 a liquidar, des de l&#8217;any 2013 fins a l&#8217;any 2023 s&#8217;ha vingut aplicant una altra transit\u00f2ria. Durant l&#8217;any 2013, la base de cotitzaci\u00f3 del treballador jubilat parcial per la part corresponent al seu treball a temps parcial va ser l&#8217;equivalent al 50% de la base de cotitzaci\u00f3 a jornada completa. <strong>Per cada any transcorregut a partir de l&#8217;any 2014, s&#8217;ha estat incrementant un 5% m\u00e9s fins a aconseguir el 100% de la base de cotitzaci\u00f3 a jornada completa l&#8217;any 2023.<\/strong> Per exemple, en 2022 s&#8217;exigia cotitzar per un 95% de la base de cotitzaci\u00f3 a temps complet.<\/p>\n\n\n\n<p>En 2023 la base de cotitzaci\u00f3, i a partir d&#8217;enguany, la base de cotitzaci\u00f3 del jubilat parcial seria aquella que li hagu\u00e9s correspost si s&#8217;hagu\u00e9s seguit amb el treball a temps complet.<\/p>\n\n\n\n<p>No obstant aix\u00f2, a efectes <strong>a l&#8217;efecte de c\u00e0lcul de la pensi\u00f3 de jubilaci\u00f3 completa en els casos en els quals es ve d&#8217;una situaci\u00f3 de jubilaci\u00f3 parcial amb contracte de relleu s&#8217;aplica el benefici de l&#8217;increment al 100% de les bases de cotitzaci\u00f3.<\/strong> \u00c9s a dir:<\/p>\n\n\n\n<ul>\n<li>Es tindran en compte les bases de cotitzaci\u00f3 corresponents al per\u00edode de treball a temps parcial, <strong>incrementades fins al 100% de la quantia que hagu\u00e9s correspost d&#8217;haver realitzat en l&#8217;empresa, en aquest per\u00edode, el mateix percentatge de jornada desenvolupat abans de passar a la situaci\u00f3 de jubilaci\u00f3 parcial<\/strong>, sempre que la mateixa s&#8217;hagu\u00e9s simultanejat amb un contracte de relleu.<\/li>\n\n\n\n<li>A m\u00e9s, per a determinar el <strong>percentatge aplicable a la base reguladora per a determinar la pensi\u00f3<\/strong> de jubilaci\u00f3 ordin\u00e0ria, <strong>es pren com a per\u00edode cotitzat a temps complet, el per\u00edode cotitzat que medi\u00ef entre la jubilaci\u00f3 parcial i la jubilaci\u00f3 ordin\u00e0ria<\/strong>, sempre que, en aquest per\u00edode, s&#8217;hagu\u00e9s simultanejat la jubilaci\u00f3 parcial amb un contracte de relleu.<\/li>\n<\/ul>\n\n\n\n<p>Quant al c\u00e0lcul de la pensi\u00f3 jubilaci\u00f3 plena (ordin\u00e0ria) en sup\u00f2sits d&#8217;acc\u00e9s des d&#8217;una situaci\u00f3 de jubilaci\u00f3 parcial sense contracte de relleu (sense el benefici del 100% de la base), el jubilat pot optar entre la determinaci\u00f3 de la base reguladora computant les bases de cotitzaci\u00f3 realment ingressades durant la situaci\u00f3 de la jubilaci\u00f3 parcial, o que aquesta es calculi en la data en qu\u00e8 es va recon\u00e8ixer la jubilaci\u00f3 parcial.<\/p>\n\n\n\n<h4><strong>C\u00f2mput dels per\u00edodes de cotitzaci\u00f3 en els contractes de treball a temps parcial<\/strong><\/h4>\n\n\n\n<p>Aquesta nova mesura, introdu\u00efda per la recent Reforma de les Pensions, <strong>si b\u00e9 refereix espec\u00edficament als contractes de treball a temps parcial, t\u00e9 indirectament un impacte positiu <\/strong>en tots els tipus de jubilaci\u00f3 parcial (no ja \u00fanicament com fins i tot en aquelles amb contracte de relleu sin\u00f3 tamb\u00e9 en les de sense contracte de relleu), <strong>en el transito des de la jubilaci\u00f3 parcial a la jubilaci\u00f3 ordin\u00e0ria a temps complet.<\/strong><\/p>\n\n\n\n<p><strong>Des de l&#8217;1 d&#8217;octubre de 2023, <\/strong>a m\u00e9s de per a computar els per\u00edodes necessaris requerits per a causar dret a les prestacions de jubilaci\u00f3 ordin\u00e0ria. Els per\u00edodes cotitzats en treballs a temps parcial es tindran en compte \u00edntegrament tamb\u00e9 per a calcular el per\u00edode de cotitzaci\u00f3 acreditat per a fixar el percentatge aplicable sobre la base reguladora per a determinar la pensi\u00f3 de jubilaci\u00f3, qualsevol que hagu\u00e9s estat la durada de la jornada a temps parcial.<\/p>\n\n\n\n<p>Qualsevol dubte que els sorgeixen respecte a aquest tema no dubtin a dirigir-se a nosaltres, telef\u00f2nicament a Isabel Torre\u00a0Carazo\u00a0o a la seva e mail <a href=\"mailto:itc@btsasociados.com\" target=\"_blank\" rel=\"noreferrer noopener\">itc@btsasociados.com<\/a>, estarem encantats a atendre&#8217;ls.<\/p>\n","protected":false},"excerpt":{"rendered":"<p>Qu\u00e8 \u00e9s la jubilaci\u00f3 parcial? La jubilaci\u00f3 parcial \u00e9s aquella iniciada despr\u00e9s del compliment dels 60 anys, simult\u00e0nia amb un contracte de treball a temps&#8230;<\/p>\n","protected":false},"author":2,"featured_media":0,"comment_status":"closed","ping_status":"open","sticky":false,"template":"","format":"standard","meta":[],"categories":[16],"acf":[],"_links":{"self":[{"href":"https:\/\/www.btsasociados.com\/ca\/wp-json\/wp\/v2\/posts\/5539"}],"collection":[{"href":"https:\/\/www.btsasociados.com\/ca\/wp-json\/wp\/v2\/posts"}],"about":[{"href":"https:\/\/www.btsasociados.com\/ca\/wp-json\/wp\/v2\/types\/post"}],"author":[{"embeddable":true,"href":"https:\/\/www.btsasociados.com\/ca\/wp-json\/wp\/v2\/users\/2"}],"replies":[{"embeddable":true,"href":"https:\/\/www.btsasociados.com\/ca\/wp-json\/wp\/v2\/comments?post=5539"}],"version-history":[{"count":1,"href":"https:\/\/www.btsasociados.com\/ca\/wp-json\/wp\/v2\/posts\/5539\/revisions"}],"predecessor-version":[{"id":5540,"href":"https:\/\/www.btsasociados.com\/ca\/wp-json\/wp\/v2\/posts\/5539\/revisions\/5540"}],"wp:attachment":[{"href":"https:\/\/www.btsasociados.com\/ca\/wp-json\/wp\/v2\/media?parent=5539"}],"wp:term":[{"taxonomy":"category","embeddable":true,"href":"https:\/\/www.btsasociados.com\/ca\/wp-json\/wp\/v2\/categories?post=5539"}],"curies":[{"name":"wp","href":"https:\/\/api.w.org\/{rel}","templated":true}]}}