{"id":5526,"date":"2023-09-19T12:16:11","date_gmt":"2023-09-19T11:16:11","guid":{"rendered":"https:\/\/www.btsasociados.com\/?p=5526"},"modified":"2023-09-19T12:16:11","modified_gmt":"2023-09-19T11:16:11","slug":"el-registre-diari-de-jornada-en-el-punt-mira-dels-tribunals","status":"publish","type":"post","link":"https:\/\/www.btsasociados.com\/ca\/el-registre-diari-de-jornada-en-el-punt-mira-dels-tribunals\/","title":{"rendered":"El registre diari de jornada, en el punt mira dels tribunals"},"content":{"rendered":"\n<p>L&#8217;obligaci\u00f3 de \u00abfitxar\u00bb (registrar di\u00e0riament la jornada de totes les persones treballadores) ha desembocat en <strong>nombroses sent\u00e8ncies en els tribunals.<\/strong> D&#8217;una banda, per l&#8217;incompliment de les empreses:<\/p>\n\n\n\n<ol>\n<li>no fer el registre o aportar dades falsejades;<\/li>\n\n\n\n<li>impagament d&#8217;hores d&#8217;extres\u2026)<\/li>\n<\/ol>\n\n\n\n<p>i, per un altre, <strong>per incompliment de les persones treballadores:<\/strong><\/p>\n\n\n\n<ol>\n<li>descompte en n\u00f2mina dels retards,<\/li>\n\n\n\n<li>acomiadaments en teletreball per incompliment de jornada\u2026).<\/li>\n<\/ol>\n\n\n\n<h4><strong>Quina \u00e9s l&#8217;obligaci\u00f3 de les empreses?<\/strong><\/h4>\n\n\n\n<p>Al marge que cal <strong>consultar el conveni col\u00b7lectiu d&#8217;aplicaci\u00f3<\/strong> per si disposa alguna cosa referent al registre de jornada, l&#8217;empresa est\u00e0 obligada a registrar di\u00e0riament <strong>la jornada de treball de totes les persones treballadores<\/strong>. Aquest registre, segons estableix expressament la normativa, ha d&#8217;incloure l&#8217;horari concret d&#8217;inici i finalitzaci\u00f3 de la jornada de treball de cada empleat.<\/p>\n\n\n\n<p>A m\u00e9s, l&#8217;empresa haur\u00e0 de <strong>conservar els registres durant quatre anys<\/strong> i romandran a la disposici\u00f3 de les persones treballadores, dels seus representants legals i de la Inspecci\u00f3 de Treball i Seguretat Social.<\/p>\n\n\n\n<p>La Inspecci\u00f3 de Treball, ha deixat clar que el <strong>registre ha de ser diari<\/strong>, no sent acceptable l&#8217;exhibici\u00f3 de l&#8217;horari general d&#8217;aplicaci\u00f3 en l&#8217;empresa, el calendari laboral o els quadrants horaris elaborats per a determinats per\u00edodes.<\/p>\n\n\n\n<p>A aix\u00f2 se suma que el registre de jornada ha de <strong>complir els requisits de \u201cfiabilitat\u201d i \u201cobjectivitat\u201d <\/strong>conforme a la sent\u00e8ncia del Tribunal de Just\u00edcia de la Uni\u00f3 Europea, de la qual s&#8217;ha pronunciat expressament el Tribunal Suprem sobre l&#8217;abast d&#8217;aquests requisits.<\/p>\n\n\n\n<p>Cal tenir en compte que el registre diari de jornada \u00e9s una<strong> pe\u00e7a fonamental a l&#8217;hora, per exemple, d&#8217;analitzar altres q\u00fcestions o drets laborals <\/strong>com per exemple el dret a la desconnexi\u00f3 digital, la reclamaci\u00f3 d&#8217;hores extres, el descans diari i el descans entre jornades.<\/p>\n\n\n\n<h4><strong>Del\u00a0TJUE\u00a0al TS: els tres requisits que cal complir<\/strong><\/h4>\n\n\n\n<p>M\u00e9s enll\u00e0 del cas concret jutjat (es desestima la demanda del sindicat), aquesta sent\u00e8ncia del Tribunal Suprem \u00e9s especialment interessant perqu\u00e8 en ella el Tribunal Suprem es pronuncia expressament sobre els requisits fixats pel Tribunal de Just\u00edcia de la Uni\u00f3 Europea per a entendre que el registre de jornada \u00e9s v\u00e0lid i que han de complir els sistemes de registre de jornada:<\/p>\n\n\n\n<ul>\n<li>objectiu<\/li>\n\n\n\n<li>fiable i<\/li>\n\n\n\n<li>accessible.<\/li>\n<\/ul>\n\n\n\n<p>En el cas concret jutjat, raona el Tribunal Suprem que es compleixen els requisits perqu\u00e8 (a m\u00e9s de quedar acreditada l&#8217;accessibilitat i fiabilitat del sistema), quant al requisit de l&#8217;objectivitat, <strong>la declaraci\u00f3 unilateral del propi treballador interessat no invalida en cap moment aquesta objectivitat.<\/strong><\/p>\n\n\n\n<p>I aix\u00f2 \u00e9s aix\u00ed ja consisteixi el registre a accionar alguna classe de dispositiu mec\u00e0nic o informatitzat, usar targetes de fitxatge, marcar unes claus, accedir amb les seves empremtes dactilars, o qualsevol altre mecanisme o eina que pogu\u00e9s ser utilitzada a aquest efecte.<\/p>\n\n\n\n<p><strong>Hores extres i abs\u00e8ncia de registre: la c\u00e0rrega de la prova recau en l&#8217;empresa<\/strong><\/p>\n\n\n\n<p>Les empreses estan obligades a realitzar el registre diari de jornada de tots els seus treballadors. Per tant, si s&#8217;incompleix aquesta obligaci\u00f3 i el treballador reclama el pagament d&#8217;hores extres,<strong> la c\u00e0rrega de la prova recau en l&#8217;empresa.<\/strong><\/p>\n\n\n\n<p>Raona la sent\u00e8ncia que la gesti\u00f3 de registre horari constitueix una obligaci\u00f3 legalment establerta per a l&#8217;ocupador, <strong>no podent redundar en el seu benefici<\/strong>, deixant sense prova al treballador demandant, l&#8217;incompliment d&#8217;aquesta obligaci\u00f3 legal i, per tant, corresponent al demandat la c\u00e0rrega de la prova quant a l&#8217;horari realment treballat.<\/p>\n\n\n\n<h4><strong>Treballador a temps complet o parcial?<\/strong><\/h4>\n\n\n\n<p><strong>Es pot utilitzar el registre de jornada per a sancionar als treballadors,<\/strong> arribant fins i tot a l&#8217;acomiadament disciplinari? S\u00ed, encara que <strong>el que no cap \u00e9s un \u201cacomiadament sorprenent\u201d<\/strong> \u00e9s a dir, si l&#8217;empresa no ha vingut sancionant incompliments d&#8217;horari i jornada, la qual cosa despr\u00e9s no pot \u00e9s \u201cacomiadar\u201d sorprenentment, a l&#8217;\u00e9sser l&#8217;acomiadament la sanci\u00f3 mes greu que es pot imposar a un treballador.<\/p>\n\n\n\n<p>Feta aquesta consideraci\u00f3 sobre el \u201cacomiadament sorprenent\u201d, cal partir del fet <strong>que el registre de jornada \u00e9s una obligaci\u00f3 per a l&#8217;empresa per\u00f2 opera per a les dues parts,<\/strong> cosa que significa que l&#8217;empresa tamb\u00e9 pot utilitzar-lo per a sancionar incompliments, arribant fins i tot a l&#8217;acomiadament disciplinari.<\/p>\n\n\n\n<p>Ja tenim <strong>diverses sent\u00e8ncies<\/strong> sobre aquest tema (sancions, descomptes en n\u00f2mina\u2026):<\/p>\n\n\n\n<ul>\n<li><strong>Cal descomptar els retards en n\u00f2mina.<\/strong> El Tribunal Suprem ha sentenciat expressament que cal descomptar directament de les n\u00f2mines mensuals dels treballadors els retards en el fitxatge d&#8217;entrada.<\/li>\n\n\n\n<li><strong>Acomiadament en teletreball per falsejar els fitxatges.<\/strong> Es declara procedent l&#8217;acomiadament disciplinari d&#8217;un treballador (situaci\u00f3 de teletreball) que fitxava hores quan en realitat no estava treballant.<\/li>\n\n\n\n<li><strong>Acomiadament de treballador<\/strong> (sector neteja) per falsejar els quadrants horaris. Acomiadament procedent (consignar horaris falsejats, fitxant hores de treball que en realitat no feia.<\/li>\n<\/ul>\n\n\n\n<p><br>Ara b\u00e9, pel que fa a sancionar per exemple retards o inassist\u00e8ncies, cal tenir en compte que no caben els \u201cacomiadaments sorprenents\u201d. Si no s&#8217;ha sancionat pr\u00e8viament al treballador pels seus retards i\/o faltes d&#8217;assist\u00e8ncia, no cap despr\u00e9s acomiadar disciplin\u00e0riament.<\/p>\n\n\n\n<p>D&#8217;altra banda, <strong>si el sistema de fitxatge no \u00e9s fiable o t\u00e9 errors<\/strong> i l&#8217;empresa acomiada a un treballador per incompliments en l&#8217;horari, l&#8217;acomiadament tamb\u00e9 ser\u00e0 declarat improcedent. I no cal al\u00b7legar com a causa d&#8217;acomiadament el fet que el treballador no posi en coneixement de l&#8217;empresa els errors del sistema, ja que \u00e9s l&#8217;empresa la responsable d&#8217;assegurar que el sistema de registre de jornada \u00e9s fiable i funciona correctament.<\/p>\n\n\n\n<p>Qualsevol dubte que els sorgeixen respecte a aquest tema no dubtin a dirigir-se a nosaltres, telef\u00f2nicament a Isabel Torre\u00a0Carazo\u00a0o a la seva e mail <a href=\"mailto:itc@btsasociados.com\" target=\"_blank\" rel=\"noreferrer noopener\">itc@btsasociados.com<\/a>, estarem encantats a atendre&#8217;ls. <\/p>\n","protected":false},"excerpt":{"rendered":"<p>L&#8217;obligaci\u00f3 de \u00abfitxar\u00bb (registrar di\u00e0riament la jornada de totes les persones treballadores) ha desembocat en nombroses sent\u00e8ncies en els tribunals. D&#8217;una banda, per l&#8217;incompliment de&#8230;<\/p>\n","protected":false},"author":2,"featured_media":0,"comment_status":"closed","ping_status":"open","sticky":false,"template":"","format":"standard","meta":[],"categories":[16],"acf":[],"_links":{"self":[{"href":"https:\/\/www.btsasociados.com\/ca\/wp-json\/wp\/v2\/posts\/5526"}],"collection":[{"href":"https:\/\/www.btsasociados.com\/ca\/wp-json\/wp\/v2\/posts"}],"about":[{"href":"https:\/\/www.btsasociados.com\/ca\/wp-json\/wp\/v2\/types\/post"}],"author":[{"embeddable":true,"href":"https:\/\/www.btsasociados.com\/ca\/wp-json\/wp\/v2\/users\/2"}],"replies":[{"embeddable":true,"href":"https:\/\/www.btsasociados.com\/ca\/wp-json\/wp\/v2\/comments?post=5526"}],"version-history":[{"count":1,"href":"https:\/\/www.btsasociados.com\/ca\/wp-json\/wp\/v2\/posts\/5526\/revisions"}],"predecessor-version":[{"id":5527,"href":"https:\/\/www.btsasociados.com\/ca\/wp-json\/wp\/v2\/posts\/5526\/revisions\/5527"}],"wp:attachment":[{"href":"https:\/\/www.btsasociados.com\/ca\/wp-json\/wp\/v2\/media?parent=5526"}],"wp:term":[{"taxonomy":"category","embeddable":true,"href":"https:\/\/www.btsasociados.com\/ca\/wp-json\/wp\/v2\/categories?post=5526"}],"curies":[{"name":"wp","href":"https:\/\/api.w.org\/{rel}","templated":true}]}}