{"id":5509,"date":"2023-09-13T16:21:33","date_gmt":"2023-09-13T15:21:33","guid":{"rendered":"https:\/\/www.btsasociados.com\/?p=5509"},"modified":"2023-09-13T16:21:34","modified_gmt":"2023-09-13T15:21:34","slug":"el-tribunal-suprem-flexibilitza-els-mitjans-de-prova-per-a-aplicar-el-minim-per-discapacitat","status":"publish","type":"post","link":"https:\/\/www.btsasociados.com\/ca\/el-tribunal-suprem-flexibilitza-els-mitjans-de-prova-per-a-aplicar-el-minim-per-discapacitat\/","title":{"rendered":"El Tribunal Suprem flexibilitza els mitjans de prova per a aplicar el m\u00ednim per discapacitat"},"content":{"rendered":"\n<p>El grau de discapacitat resulta acreditat mitjan\u00e7ant l&#8217;aportaci\u00f3 del corresponent certificat o resoluci\u00f3 expedits per l&#8217;Institut de Migracions i Serveis Socials (IMSERSO) o l&#8217;\u00f2rgan competent de les Comunitats Aut\u00f2nomes (CCAA), de manera que qui disposi del mateix no necessita una altra justificaci\u00f3 addicional, per a acreditar aquest grau tamb\u00e9 es pot utilitzar qualsevol altre mitj\u00e0 de prova adm\u00e8s en dret, al no establir la normativa de l&#8217;Impost que tals certificats o resolucions siguin proves exclusives i excloents.<\/p>\n\n\n\n<h4><strong>Interpretaci\u00f3 flexible o aperturista de la norma<\/strong><\/h4>\n\n\n\n<p>Segons el parer de l&#8217;Alt Tribunal, la Llei de l&#8217;impost no restringeix els mitjans de prova de la discapacitat i el seu grau, al certificat o la resoluci\u00f3 de l&#8217;IMSERSO o de l&#8217;\u00f2rgan auton\u00f2mic competent. Per a l&#8217;acreditaci\u00f3 d&#8217;aquests extrems, la norma es remet a les condicions que reglament\u00e0riament s&#8217;estableixin, facilitant la prova als pensionistes de la Seguretat Social i a les persones incapacitades judicialment, als qui es considera acreditat un grau determinat de discapacitat per aquest nom\u00e9s fet.<\/p>\n\n\n\n<p><br>En relaci\u00f3 al Reglament de l&#8217;impost, encara que al principi pogu\u00e9s semblar que es limita la prova del grau de discapacitat, en la mesura en qu\u00e8 assenyala que haur\u00e0 d&#8217;acreditar-se mitjan\u00e7ant certificat o resoluci\u00f3 expedit per l&#8217;IMSERSO o l&#8217;\u00f2rgan competent de les CCAA, aquesta norma no assenyala expl\u00edcitament que tals resolucions o certificats siguin proves exclusives i excloents, havent d&#8217;interpretar-se el referit article com que, lluny de restringir la prova de la discapacitat, introdueix un criteri d&#8217;objectivitat, als exclusius efectes fiscals, per a l&#8217;acreditaci\u00f3 del seu grau, sobre la base dels citats certificats o resolucions, presentant aquesta via com la m\u00e9s segura i eficient per a demostrar la discapacitat i la seva graduaci\u00f3, de manera que qui disposi d&#8217;un certificat o resoluci\u00f3 al seu favor, estar\u00e0 alliberat de qualsevol altra demostraci\u00f3 addicional, per\u00f2 no limita la prova a aquesta \u00fanica, perqu\u00e8 excloure aquesta prova a trav\u00e9s d&#8217;altres mitjans conculcaria la llibertat que, quant a l&#8217;elecci\u00f3 de mitjans de prova, normes que operen com a marc interpretatiu del Reglament.<\/p>\n\n\n\n<p>A m\u00e9s, l&#8217;aplicaci\u00f3 del m\u00ednim per discapacitat respon a l&#8217;adequaci\u00f3 de l&#8217;Impost a les circumst\u00e0ncies personals i familiars del contribuent, afectant la capacitat econ\u00f2mica, per la qual cosa liquidar l&#8217;Impost obviant la realitat del grau de discapacitat, l&#8217;exist\u00e8ncia de la qual en el cas examinat en la sent\u00e8ncia ha quedat acreditada despr\u00e9s de l&#8217;oportuna valoraci\u00f3 de la prova, comporta obviar tamb\u00e9 que el tribut ha d&#8217;exigir-se d&#8217;acord amb unes circumst\u00e0ncies personals, \u00edntimament relacionades amb la capacitat econ\u00f2mica i que justifiquen, conseq\u00fcentment, l&#8217;aplicaci\u00f3 del benefici fiscal.<\/p>\n\n\n\n<p>Qualsevol dubte que els sorgeixen respecte a aquest tema no dubtin a dirigir-se a nosaltres, telef\u00f2nicament a Carles Monfort\u00a0Codina\u00a0o al seu e-mail <a rel=\"noreferrer noopener\" href=\"mailto:cmc@btsasociados.com\" target=\"_blank\">cmc@btsasociados.com<\/a>, estarem encantats a atendre&#8217;ls.<\/p>\n","protected":false},"excerpt":{"rendered":"<p>El grau de discapacitat resulta acreditat mitjan\u00e7ant l&#8217;aportaci\u00f3 del corresponent certificat o resoluci\u00f3 expedits per l&#8217;Institut de Migracions i Serveis Socials (IMSERSO) o l&#8217;\u00f2rgan competent&#8230;<\/p>\n","protected":false},"author":2,"featured_media":0,"comment_status":"closed","ping_status":"open","sticky":false,"template":"","format":"standard","meta":[],"categories":[14],"acf":[],"_links":{"self":[{"href":"https:\/\/www.btsasociados.com\/ca\/wp-json\/wp\/v2\/posts\/5509"}],"collection":[{"href":"https:\/\/www.btsasociados.com\/ca\/wp-json\/wp\/v2\/posts"}],"about":[{"href":"https:\/\/www.btsasociados.com\/ca\/wp-json\/wp\/v2\/types\/post"}],"author":[{"embeddable":true,"href":"https:\/\/www.btsasociados.com\/ca\/wp-json\/wp\/v2\/users\/2"}],"replies":[{"embeddable":true,"href":"https:\/\/www.btsasociados.com\/ca\/wp-json\/wp\/v2\/comments?post=5509"}],"version-history":[{"count":1,"href":"https:\/\/www.btsasociados.com\/ca\/wp-json\/wp\/v2\/posts\/5509\/revisions"}],"predecessor-version":[{"id":5510,"href":"https:\/\/www.btsasociados.com\/ca\/wp-json\/wp\/v2\/posts\/5509\/revisions\/5510"}],"wp:attachment":[{"href":"https:\/\/www.btsasociados.com\/ca\/wp-json\/wp\/v2\/media?parent=5509"}],"wp:term":[{"taxonomy":"category","embeddable":true,"href":"https:\/\/www.btsasociados.com\/ca\/wp-json\/wp\/v2\/categories?post=5509"}],"curies":[{"name":"wp","href":"https:\/\/api.w.org\/{rel}","templated":true}]}}