{"id":5128,"date":"2023-02-21T17:00:02","date_gmt":"2023-02-21T16:00:02","guid":{"rendered":"https:\/\/www.btsasociados.com\/?p=5128"},"modified":"2023-02-21T17:02:21","modified_gmt":"2023-02-21T16:02:21","slug":"els-tribunals-obren-la-porta-a-les-indemnitzacions-dissuasives-en-cas-dacomiadament","status":"publish","type":"post","link":"https:\/\/www.btsasociados.com\/ca\/els-tribunals-obren-la-porta-a-les-indemnitzacions-dissuasives-en-cas-dacomiadament\/","title":{"rendered":"Els tribunals obren la porta a les indemnitzacions dissuasives en cas d&#8217;acomiadament"},"content":{"rendered":"\n<p>Una <strong>recent<\/strong> <strong>sent\u00e8ncia del TSJ de Catalunya del passat 30 de gener<\/strong>, han desfermat la tempesta en concedir a un treballador amb una indemnitzaci\u00f3 addicional (indemnitzaci\u00f3 dissuasiva) en cas de declaraci\u00f3 d&#8217;acomiadament improcedent.<\/p>\n\n\n\n<p>No obstant aix\u00f2, no \u00e9s la primera vegada que els tribunals al\u00b7ludeixen expressament a la possibilitat d&#8217;establir indemnitzacions dissuasives en cas d&#8217;acomiadaments improcedents.<\/p>\n\n\n\n<p>D&#8217;altra banda, el Ministeri de Treball ha anunciat que est\u00e0 valorant la possibilitat de regular per llei aquesta q\u00fcesti\u00f3.<\/p>\n\n\n\n<h4><strong>Estan sentenciat els tribunals? Vegem alguns exemples:<br><em>La sent\u00e8ncia del TSJ de Catalunya de 30 de gener de 2023<\/em><\/strong><\/h4>\n\n\n\n<p>Aquesta sent\u00e8ncia \u00e9s molt recent, el TSJ de Catalunya ha atorgat una indemnitzaci\u00f3 addicional a la corresponent a l&#8217;acomiadament improcedent,<strong> 33 dies de salari per any treballat<\/strong>.<\/p>\n\n\n\n<p>La indemnitzaci\u00f3 legal est\u00e0 taxada, que no arriba als 1.000 \u20ac ,<strong> \u00e9s clarament insignificant<\/strong> i no compensa el mal produ\u00eft per la p\u00e8rdua del lloc de treball, ni t\u00e9 efecte dissuasiu per a l&#8217;empresa.<\/p>\n\n\n\n<p>D&#8217;aqu\u00ed ve que procedeixi en aquest cas la concessi\u00f3 d&#8217;una indemnitzaci\u00f3 addicional conforme al que es disposa en el Conveni 158 de la&nbsp;OIT&nbsp;i en la Carta Social Europea.<\/p>\n\n\n\n<p>En el cas, es demana una indemnitzaci\u00f3 addicional a la taxada legalment en cas d&#8217;acomiadament improcedent.<\/p>\n\n\n\n<p>El TSJ estima en part el recurs de la treballadora i sent\u00e8ncia que si l&#8217;empresa opta per la indemnitzaci\u00f3:<\/p>\n\n\n\n<ul>\n<li>En lloc de per la readmissi\u00f3 s&#8217;imposa una indemnitzaci\u00f3 de 4.435,08 \u20ac.<\/li>\n\n\n\n<li>941,78 \u20ac en concepte d&#8217;indemnitzaci\u00f3 per acomiadament improcedent.<\/li>\n\n\n\n<li>3.493,3 \u20ac en concepte d&#8217;indemnitzaci\u00f3 dissuasiva.<\/li>\n<\/ul>\n\n\n\n<h4><strong><em>Les dues sent\u00e8ncies del TSJ de Catalunya de 23 d&#8217;abril de 2021<\/em><\/strong><\/h4>\n\n\n\n<p>El 23 d&#8217;abril de 2021, el TSJ de Catalunya es pronuncia en dues sent\u00e8ncies sobre la q\u00fcesti\u00f3 de les indemnitzacions addicionals. En tots dos casos, encara que es desestima la petici\u00f3 d&#8217;indemnitzaci\u00f3 addicional, es deixa clar que aquesta petici\u00f3 \u00e9s perfectament factible per\u00f2 sempre que es compleixin uns determinats requisits:<\/p>\n\n\n\n<ol>\n<li>D&#8217;una banda, la not\u00f2ria i evident insufici\u00e8ncia de la indemnitzaci\u00f3 per resultar la mateixa manifestament minsa.<\/li>\n\n\n\n<li>Per un altre, que sigui clara i evident l&#8217;exist\u00e8ncia d&#8217;una il\u00b7legalitat, frau de llei o ab\u00fas de dret en la decisi\u00f3 empresarial extintiva del contracte.<\/li>\n<\/ol>\n\n\n\n<p>En el primer cas, es desestima la petici\u00f3 d&#8217;indemnitzaci\u00f3 dissuasiva, perqu\u00e8 si el treballador hagu\u00e9s al\u00b7legat els<strong> concrets danys i perjudicis<\/strong> (en el cas concret jutjat, la necessitat de despla\u00e7ament, les seves despeses, els lloguers, el mal emergent per p\u00e8rdua d&#8217;anterior treball o el mal moral d&#8217;abandonar ambient familiar i social consolidat) i aquests s&#8217;haguessin acreditat, com aix\u00f2 no ha estat aix\u00ed i la soluci\u00f3 al conflicte.<\/p>\n\n\n\n<p>En el segon cas, <strong>va dictaminar a favor de concedir una indemnitzaci\u00f3 addicional dissuasiva<\/strong>. En concret, va fixar el qu\u00e0ntum indemnitzatori per acomiadament superior al fixat pel legislador de 33 dies de salari per any de servei, concretament en l&#8217;equivalent al salari de 6 mesos.<\/p>\n\n\n\n<h4><strong><em>La sent\u00e8ncia del TSJ de Catalunya de 14 de juliol de 2021<\/em><\/strong><\/h4>\n\n\n\n<p>En primera inst\u00e0ncia, el&nbsp;JS&nbsp;va declarar el dret de la treballadora a percebre una indemnitzaci\u00f3 addicional dissuasiva.<\/p>\n\n\n\n<p>En concret, es concedeix una indemnitzaci\u00f3 superior a l&#8217;establerta en l&#8217;art. 56 del&nbsp;ET&nbsp;per import de 5 mesos de salari, m\u00e9s l&#8217;import de la indemnitzaci\u00f3 en qu\u00e8 la llei taxa la p\u00e8rdua del lloc de treball que, en aquest cas, tenint en compte l&#8217;antiguitat i salari acreditat.<\/p>\n\n\n\n<p>Raona el TSJ que no s&#8217;han complert els requisits necessaris per a poder sol\u00b7licitar la indemnitzaci\u00f3 dissuasiva.<\/p>\n\n\n\n<h4><strong><em>La sent\u00e8ncia del TSJ d&#8217;Arag\u00f3, desembre del 2022: la indemnitzaci\u00f3 ha d&#8217;ajustar-se a la taxada legalment<\/em><\/strong><\/h4>\n\n\n\n<p>El TSJ d&#8217;Arag\u00f3 \u00e9s m\u00e9s rotund que el TSJ de Catalunya i descarta que pugui demanar-se sense m\u00e9s una indemnitzaci\u00f3 dissuasiva.<\/p>\n\n\n\n<p>Deixa clar en la seva sent\u00e8ncia que, en cas d&#8217;acomiadament disciplinari injustificat, <em>la indemnitzaci\u00f3 taxada, al pagament de la qual condemna la sent\u00e8ncia recorreguda, \u00e9s la legalment deguda, donat el salari i per\u00edode de prestaci\u00f3 de serveis, sense que sigui possible recon\u00e8ixer una indemnitzaci\u00f3 addicional, com a no s&#8217;acredita ni una infracci\u00f3 de drets fonamentals, ni l&#8217;exist\u00e8ncia de perjudici superior al derivat de la p\u00e8rdua de l&#8217;ocupaci\u00f3.<\/em><\/p>\n\n\n\n<h4><strong><em>La sent\u00e8ncia del TSJ d&#8217;Andalusia de 14 de desembre de 2022<\/em><\/strong><\/h4>\n\n\n\n<p>En l\u00ednia amb el TSJ d&#8217;Arag\u00f3, el TSJ d&#8217;Andalusia mant\u00e9 un criteri diguem m\u00e9s restrictiu que el mantingut pel TSJ de Catalunya.<\/p>\n\n\n\n<p>Encara que tamb\u00e9 admet que en circumst\u00e0ncies excepcionals caldria sol\u00b7licitar una indemnitzaci\u00f3 dissuasiva, ent\u00e9n que es tracta <strong>d&#8217;una possibilitat inusual<\/strong> que ha d&#8217;adequar-se a l\u00edmits objectius, en tant que en cas contrari s&#8217;incorreria en possibles subjectivismes que comportarien desconcert entre els operadors i incerteses jur\u00eddics.<\/p>\n\n\n\n<h4><strong><em>La sent\u00e8ncia del TSJ de Gal\u00edcia de 21 d&#8217;octubre de 2022: en molts casos, la indemnitzaci\u00f3 legalment taxada ser\u00e0 l&#8217;adequada<\/em><\/strong><\/h4>\n\n\n\n<p>El TSJ de Gal\u00edcia tamb\u00e9 es pronuncia a favor de la possibilitat de poder demanar una indemnitzaci\u00f3 dissuasiva per\u00f2 en sup\u00f2sits molt concrets.<\/p>\n\n\n\n<p>Deixa molt clar en la seva sent\u00e8ncia que caldr\u00e0 analitzar cas a cas i segurament en molts casos la indemnitzaci\u00f3 calculada conforme a l&#8217;article 56.1 del&nbsp;ET&nbsp;(que per a quantificar el valor del treball perdut at\u00e9n criteris objectius de:<\/p>\n\n\n\n<ul>\n<li>antiguitat i salari.<\/li>\n\n\n\n<li>un m\u00f2dul de 33 dies que, si b\u00e9 hist\u00f2ricament va ser superior, tampoc es pot considerar, en termes generals, com un m\u00f2dul insuficient.<br><\/li>\n<\/ul>\n\n\n\n<p>D&#8217;aqu\u00ed la necessitat d&#8217;individualitzar aquells casos en qu\u00e8 la indemnitzaci\u00f3 sigui d&#8217;una quantia <strong>manifestament minsa<\/strong> en relaci\u00f3 amb els perjudicis causats a la persona treballadora per l&#8217;acomiadament abusiu, o no resulti dissuasiva ateses les circumst\u00e0ncies, la qual cosa s&#8217;ha de connectar, entre altres circumst\u00e0ncies, amb l&#8217;exist\u00e8ncia d&#8217;un exercici fraudulent o abusiu en la decisi\u00f3 empresarial d&#8217;extinci\u00f3 del contracte de la persona treballadora, a part de que tot aix\u00f2 ha de ser al\u00b7legat i provat.<\/p>\n\n\n\n<p>En el cas concret jutjat, ent\u00e9n el TSJ que no s&#8217;ha provat i, per tant, es desestima la petici\u00f3 d&#8217;indemnitzaci\u00f3 addicional.<\/p>\n\n\n\n<h4><strong>Hi haur\u00e0 m\u00e9s indemnitzacions dissuasives per acomiadament?<\/strong><\/h4>\n\n\n\n<p>Com veiem, diversos TSJ s&#8217;han pronunciat expressament sobre la possibilitat de sol\u00b7licitar una indemnitzaci\u00f3 dissuasiva o reparadora per\u00f2 condicionada al compliment d&#8217;uns requisits i descartant majorit\u00e0riament les peticions.<\/p>\n\n\n\n<p>En tot cas, la concessi\u00f3 d&#8217;una indemnitzaci\u00f3 addicional ni ser\u00e0 autom\u00e0tica ni es concedir\u00e0 de manera massiva en estar condicionada al compliment d&#8217;uns requisits concrets.<\/p>\n\n\n\n<p>Ara b\u00e9, despr\u00e9s de l&#8217;entrada en vigor de la Carta Social Europea revisada (en vigor a Espanya des de l&#8217;1 de juliol de 2021) \u00e9s previsible que hi hagi un augment de les peticions d&#8217;indemnitzacions dissuasives i caldr\u00e0 estar pendents del criteri que vagin mantenint altres jutjats socials i&nbsp;TSJs, ja que el cam\u00ed fins al Tribunal Suprem ser\u00e0 llarg.<\/p>\n\n\n\n<p>En tot cas, si m\u00e9s Jutjats socials i&nbsp;TSJs&nbsp;estimen la pretensi\u00f3 d&#8217;indemnitzaci\u00f3 addicional dissuasiva, aix\u00f2 portar\u00e0 a augmentar la conflictivitat en els jutjats, ja que actualment s\u00f3n molts els acomiadaments que es resolen en l&#8217;acte de conciliaci\u00f3 amb l&#8217;oferiment de declaraci\u00f3 d&#8217;improced\u00e8ncia per part de l&#8217;empresa.<\/p>\n\n\n\n<p>No obstant aix\u00f2, si els treballadors veuen la possibilitat de pledejar per la concessi\u00f3 d&#8217;una indemnitzaci\u00f3 addicional, aix\u00f2 portar\u00e0 a menys acords en conciliaci\u00f3 (sense avinen\u00e7a) i, per tant, a m\u00e9s casos elevats als jutjats.<\/p>\n\n\n\n<p>En definitiva, m\u00e9s inseguretat jur\u00eddica (a resguard de que s&#8217;aclareixi el tema via normativa) i major conflictivitat en els tribunals socials.<\/p>\n\n\n\n<p>Qualsevol dubte que els sorgeixen respecte a aquest tema no dubtin a dirigir-se a nosaltres, telef\u00f2nicament a Isabel Torre&nbsp;Carazo&nbsp;o a la seva e mail <a href=\"mailto:itc@btsasociados.com\" target=\"_blank\" rel=\"noreferrer noopener\">itc@btsasociados.com<\/a>, estarem encantats a atendre&#8217;ls.<\/p>\n","protected":false},"excerpt":{"rendered":"<p>Una recent sent\u00e8ncia del TSJ de Catalunya del passat 30 de gener, han desfermat la tempesta en concedir a un treballador amb una indemnitzaci\u00f3 addicional&#8230;<\/p>\n","protected":false},"author":2,"featured_media":0,"comment_status":"closed","ping_status":"open","sticky":false,"template":"","format":"standard","meta":[],"categories":[16],"acf":[],"_links":{"self":[{"href":"https:\/\/www.btsasociados.com\/ca\/wp-json\/wp\/v2\/posts\/5128"}],"collection":[{"href":"https:\/\/www.btsasociados.com\/ca\/wp-json\/wp\/v2\/posts"}],"about":[{"href":"https:\/\/www.btsasociados.com\/ca\/wp-json\/wp\/v2\/types\/post"}],"author":[{"embeddable":true,"href":"https:\/\/www.btsasociados.com\/ca\/wp-json\/wp\/v2\/users\/2"}],"replies":[{"embeddable":true,"href":"https:\/\/www.btsasociados.com\/ca\/wp-json\/wp\/v2\/comments?post=5128"}],"version-history":[{"count":0,"href":"https:\/\/www.btsasociados.com\/ca\/wp-json\/wp\/v2\/posts\/5128\/revisions"}],"wp:attachment":[{"href":"https:\/\/www.btsasociados.com\/ca\/wp-json\/wp\/v2\/media?parent=5128"}],"wp:term":[{"taxonomy":"category","embeddable":true,"href":"https:\/\/www.btsasociados.com\/ca\/wp-json\/wp\/v2\/categories?post=5128"}],"curies":[{"name":"wp","href":"https:\/\/api.w.org\/{rel}","templated":true}]}}