{"id":5081,"date":"2023-01-27T11:10:53","date_gmt":"2023-01-27T10:10:53","guid":{"rendered":"https:\/\/www.btsasociados.com\/?p=5081"},"modified":"2023-01-27T11:10:54","modified_gmt":"2023-01-27T10:10:54","slug":"deducibilidad-del-salari-del-soci-unic-i-administrador","status":"publish","type":"post","link":"https:\/\/www.btsasociados.com\/ca\/deducibilidad-del-salari-del-soci-unic-i-administrador\/","title":{"rendered":"Deducibilidad del salari del soci \u00fanic i administrador"},"content":{"rendered":"\n<p>En el present cas de Castella i Lle\u00f3 se suscita la controv\u00e8rsia sobre si \u00e9s dedu\u00efble o no en l&#8217;Impost de Societats el sou o salari de qui ostenta alhora la consideraci\u00f3 de soci \u00fanic d&#8217;una societat i la condici\u00f3 d&#8217;administrador d&#8217;aquesta.<\/p>\n\n\n\n<p>L&#8217;Ag\u00e8ncia Tribut\u00e0ria ent\u00e9n que no \u00e9s dedu\u00efble afirmant que no pot existir una relaci\u00f3 laboral entre administrat o soci \u00fanic i la societat al no existir les notes de depend\u00e8ncia i alienitat que exigeix l&#8217;Estatut dels Treballadors. Aix\u00ed mateix, manifesta, segons la<strong> teoria del doble vincle<\/strong>, que, si el demandant ostenta el c\u00e0rrec d&#8217;administrador de la societat i alhora labors de direcci\u00f3 o ger\u00e8ncia, preval la primera d&#8217;elles i at\u00e8s que el c\u00e0rrec d&#8217;administrador \u00e9s gratu\u00eft, qualsevol pagament que es realitzi \u00e9s una liberalitat i no dedu\u00efble.<\/p>\n\n\n\n<p>Segons la part demandant, en demostrar que el soci o administrador desenvolupa un treball o servei efectiu dins de l&#8217;activitat productiva de l&#8217;empresa, admet la\u00a0<strong>deducibilidad\u00a0del 100%<\/strong> del salari del soci o administrador.<\/p>\n\n\n\n<p>El Tribunal Economicoadministratiu Regional de Castella i Lle\u00f3 estima el recurs plantejat i admet la\u00a0deducibilidad\u00a0al 100% del salari del soci o administrador, declarant que es considera provat que aquesta persona desenvolupa activitats que excedeixen de les labors pr\u00f2pies del c\u00e0rrec d&#8217;administrador.<\/p>\n\n\n\n<h4><br><strong>Objectiu. Q\u00fcesti\u00f3 plantejada<\/strong><\/h4>\n\n\n\n<p>L&#8217;anul\u00b7laci\u00f3 de la liquidaci\u00f3 provisional de l&#8217;Impost de Societats de l&#8217;exercici 2014.<\/p>\n\n\n\n<h4><strong>Peticions realitzades de la part demandant<\/strong><\/h4>\n\n\n\n<ul><li>Que s&#8217;acordi la suspensi\u00f3 autom\u00e0tica de l&#8217;execuci\u00f3 de l&#8217;acord impugnat.<\/li><li>Que s&#8217;ofereixi en cauci\u00f3 del pagament del deute reclamat fian\u00e7a solid\u00e0ria prestada per l&#8217;entitat financera, sent la garantia que es presenta suficient per a assegurar el pagament de l&#8217;acte impugnat, els interessos que generi la suspensi\u00f3 i els rec\u00e0rrecs que, si escau, poguessin procedir.<\/li><\/ul>\n\n\n\n<h4><strong>Arguments<\/strong><\/h4>\n\n\n\n<p>El subjecte passiu, se sustenta, per a defensar la\u00a0deducibilidad\u00a0del salari, en els estatuts de socials, i afirma que el decisiu realment \u00e9s que es pugui demostrar que el soci o administrador desenvolupa un treball o servei efectiu dins de l&#8217;activitat productiva de l&#8217;empresa i <strong>no es limita simplement a dirigir-la o gestiona<\/strong>r-la.<\/p>\n\n\n\n<p>L&#8217;Ag\u00e8ncia Tribut\u00e0ria ent\u00e9n en les seves liquidacions provisional i definitiva que no \u00e9s dedu\u00efble, afirmant que no pot existir una relaci\u00f3 laboral entre l&#8217;administrador o soci \u00fanic i la societat al no existir les notes de depend\u00e8ncia i alienitat que exigeix l&#8217;Estatut dels Treballadors. D&#8217;altra banda, desenvolupa la teoria del doble vincle, que implica que si una persona ostenta el c\u00e0rrec d&#8217;administrador d&#8217;una societat (<strong>relaci\u00f3 mercantil<\/strong>) i al mateix temps desenvolupa labors de direcci\u00f3 o ger\u00e8ncia per a aquesta societat (<strong>relaci\u00f3 laboral especial d&#8217;alta direcci\u00f3<\/strong>), ha de prevaler la primera d&#8217;elles, concloent que, at\u00e8s que segons els estatuts de la societat, el c\u00e0rrec d&#8217;administrador \u00e9s gratu\u00eft, qualsevol pagament que es realitzi al soci \u00fanic o administrador seria una liberalitat i, per tant, no dedu\u00efble.<\/p>\n\n\n\n<p><strong>Estructura procesal<\/strong><\/p>\n\n\n\n<p>L&#8217;Ag\u00e8ncia Tribut\u00e0ria notifica al subjecte de la proposta de liquidaci\u00f3 efectuada sobre l&#8217;Impost de Societats de 2014. El subjecte posa de manifest la seva disconformitat amb la Proposta de liquidaci\u00f3 provisional formulada, presentant escrit d&#8217;al\u00b7legacions aportant tots els documents o proves oportunes per a defensar els seus drets. L&#8217;Ag\u00e8ncia Tribut\u00e0ria emet la Resoluci\u00f3 amb liquidaci\u00f3 provisional i el subjecte procedeix a interposar reclamaci\u00f3 economicoadministrativa sol\u00b7licitant la suspensi\u00f3 autom\u00e0tica de l&#8217;execuci\u00f3 de l&#8217;acord impugnat. Despr\u00e9s de formular al\u00b7legacions davant el Tribunal Economicoadministratiu regional, el mateix dicta resoluci\u00f3 per la qual es declara la\u00a0deducibilidad\u00a0del salari del soci \u00fanic i administrador el subjecte.<\/p>\n\n\n\n<h4><strong>Part dispositiva o part dispositiva de la resoluci\u00f3 judicial<\/strong><\/h4>\n\n\n\n<p>El Tribunal considera que la reclamant ha acreditat la prestaci\u00f3 per part del subjecte de serveis diferents a les tasques pr\u00f2pies de l&#8217;administrador, que han estat remunerats com a tals serveis, sense que la Depend\u00e8ncia de Gesti\u00f3 q\u00fcestioni si aquesta remuneraci\u00f3 excedeix de la normal de mercat, per la qual cosa ha d&#8217;admetre&#8217;s la&nbsp;deducibilidad&nbsp;dels mateixos com a despesa de personal en l&#8217;Impost de societats.<\/p>\n\n\n\n<p>Qualsevol dubte que els sorgeixen respecte a aquest tema no dubtin a dirigir-se a nosaltres, telef\u00f2nicament a Carles Monfort\u00a0Codina\u00a0o al seu e-mail <a href=\"mailto:cmc@btsasociados.com\" target=\"_blank\" rel=\"noreferrer noopener\">cmc@btsasociados.com<\/a>, estarem encantats a atendre&#8217;ls.<\/p>\n","protected":false},"excerpt":{"rendered":"<p>En el present cas de Castella i Lle\u00f3 se suscita la controv\u00e8rsia sobre si \u00e9s dedu\u00efble o no en l&#8217;Impost de Societats el sou o&#8230;<\/p>\n","protected":false},"author":2,"featured_media":0,"comment_status":"closed","ping_status":"open","sticky":false,"template":"","format":"standard","meta":[],"categories":[14],"acf":[],"_links":{"self":[{"href":"https:\/\/www.btsasociados.com\/ca\/wp-json\/wp\/v2\/posts\/5081"}],"collection":[{"href":"https:\/\/www.btsasociados.com\/ca\/wp-json\/wp\/v2\/posts"}],"about":[{"href":"https:\/\/www.btsasociados.com\/ca\/wp-json\/wp\/v2\/types\/post"}],"author":[{"embeddable":true,"href":"https:\/\/www.btsasociados.com\/ca\/wp-json\/wp\/v2\/users\/2"}],"replies":[{"embeddable":true,"href":"https:\/\/www.btsasociados.com\/ca\/wp-json\/wp\/v2\/comments?post=5081"}],"version-history":[{"count":0,"href":"https:\/\/www.btsasociados.com\/ca\/wp-json\/wp\/v2\/posts\/5081\/revisions"}],"wp:attachment":[{"href":"https:\/\/www.btsasociados.com\/ca\/wp-json\/wp\/v2\/media?parent=5081"}],"wp:term":[{"taxonomy":"category","embeddable":true,"href":"https:\/\/www.btsasociados.com\/ca\/wp-json\/wp\/v2\/categories?post=5081"}],"curies":[{"name":"wp","href":"https:\/\/api.w.org\/{rel}","templated":true}]}}