{"id":5052,"date":"2023-01-04T16:49:01","date_gmt":"2023-01-04T15:49:01","guid":{"rendered":"https:\/\/www.btsasociados.com\/?p=5052"},"modified":"2023-01-04T16:49:02","modified_gmt":"2023-01-04T15:49:02","slug":"el-treballador-ja-no-estara-obligat-a-lliurar-a-lempresa-la-seva-baixa-medica","status":"publish","type":"post","link":"https:\/\/www.btsasociados.com\/ca\/el-treballador-ja-no-estara-obligat-a-lliurar-a-lempresa-la-seva-baixa-medica\/","title":{"rendered":"El treballador ja no estar\u00e0 obligat a lliurar a l&#8217;empresa la seva baixa m\u00e8dica"},"content":{"rendered":"\n<p>Els metges nom\u00e9s emetran la c\u00f2pia del comunicat per a l&#8217;empleat, al qual la companyia haur\u00e0 d&#8217;accedir telem\u00e0ticament. La mesura entrar\u00e0 en vigor quan es publiqui en el BOE.<\/p>\n\n\n\n<p>L&#8217;obligaci\u00f3 que tenen ara mateix tots els treballadors assalariats de comunicar a les seves empreses els comunicats de baixa per incapacitat temporal (IT)&nbsp;quan tenen algun contratemps m\u00e8dic i no poden treballar t\u00e9 els dies comptats. L&#8217;\u00faltim Consell de Ministres de l&#8217;any va aprovar la setmana passada un Reial decret que va introduir modificacions en la gesti\u00f3 i control dels processos per incapacitat temporal (IT)&nbsp;en els primers 365 dies de la seva durada.<\/p>\n\n\n\n<p>En concret, el Govern <strong>ha eliminat l&#8217;obligaci\u00f3 dels treballadors per compte propi de ser ells els qui hagin de traslladar a les seves empreses els comunicats de baixa m\u00e8dica, perqu\u00e8 ser\u00e0 la companyia qui hagi d&#8217;obtenir la informaci\u00f3 de l&#8217;Administraci\u00f3<\/strong>. Aix\u00ed, segons el text dels responsables de la Seguretat Social, \u201cnom\u00e9s es lliurar\u00e0 una c\u00f2pia (del comunicat de la baixa) a la persona treballadora; i s&#8217;elimina tant la segona c\u00f2pia, com l&#8217;obligaci\u00f3 que sigui la pr\u00f2pia persona treballadora qui que lliuri aquesta c\u00f2pia en l&#8217;empresa, entitat gestora o m\u00fatua\u201d.<\/p>\n\n\n\n<p>D&#8217;aquesta manera, desapareixer\u00e0 aquesta segona c\u00f2pia dels comunicats de baixa i alta metgesses que l&#8217;empleat estava obligat a fer arribar a la seva companyia, per la via que tri\u00e9s la pr\u00f2pia persona treballadora.<\/p>\n\n\n\n<p>Com a alternativa, la norma estipular\u00e0 que \u201cla comunicaci\u00f3 entre les entitats emissores i l&#8217;INSS ser\u00e0 telem\u00e0tica, evitant tr\u00e0mits que poden resultar onerosos per a persones que estan en situaci\u00f3 d&#8217;incapacitat temporal i aprofitant les possibilitats de millorar l&#8217;efic\u00e0cia i l&#8217;efici\u00e8ncia que brinden els avan\u00e7os en digitalitzaci\u00f3 i tecnologies de la informaci\u00f3\u201d.<\/p>\n\n\n\n<p>No obstant aix\u00f2, aquest Reial decret aprovat la setmana passada pel Consell de Ministres i que modifica el Reial decret 625\/2014, <strong>no entrar\u00e0 encara en vigor fins que es publiqui pr\u00f2ximament en el Butllet\u00ed Oficial de l&#8217;Estat (BOE)<\/strong>. L&#8217;article 7.1 d&#8217;aquell Reial decret de 2014 era el que establia l&#8217;obligaci\u00f3 del treballador de lliurar els comunicats de baixa i alta m\u00e8dica al seu ocupador.<\/p>\n\n\n\n<p>Qualsevol dubte que els sorgeixen respecte a aquest tema no dubtin a dirigir-se a nosaltres, telef\u00f2nicament a Isabel Torre\u00a0Carazo\u00a0o al seu e-mail <a href=\"mailto:itc@btsasociados.com\" target=\"_blank\" rel=\"noreferrer noopener\">itc@btsasociados.com<\/a>, estarem encantats a atendre&#8217;ls.<\/p>\n","protected":false},"excerpt":{"rendered":"<p>Els metges nom\u00e9s emetran la c\u00f2pia del comunicat per a l&#8217;empleat, al qual la companyia haur\u00e0 d&#8217;accedir telem\u00e0ticament. La mesura entrar\u00e0 en vigor quan es&#8230;<\/p>\n","protected":false},"author":2,"featured_media":0,"comment_status":"closed","ping_status":"open","sticky":false,"template":"","format":"standard","meta":[],"categories":[16],"acf":[],"_links":{"self":[{"href":"https:\/\/www.btsasociados.com\/ca\/wp-json\/wp\/v2\/posts\/5052"}],"collection":[{"href":"https:\/\/www.btsasociados.com\/ca\/wp-json\/wp\/v2\/posts"}],"about":[{"href":"https:\/\/www.btsasociados.com\/ca\/wp-json\/wp\/v2\/types\/post"}],"author":[{"embeddable":true,"href":"https:\/\/www.btsasociados.com\/ca\/wp-json\/wp\/v2\/users\/2"}],"replies":[{"embeddable":true,"href":"https:\/\/www.btsasociados.com\/ca\/wp-json\/wp\/v2\/comments?post=5052"}],"version-history":[{"count":0,"href":"https:\/\/www.btsasociados.com\/ca\/wp-json\/wp\/v2\/posts\/5052\/revisions"}],"wp:attachment":[{"href":"https:\/\/www.btsasociados.com\/ca\/wp-json\/wp\/v2\/media?parent=5052"}],"wp:term":[{"taxonomy":"category","embeddable":true,"href":"https:\/\/www.btsasociados.com\/ca\/wp-json\/wp\/v2\/categories?post=5052"}],"curies":[{"name":"wp","href":"https:\/\/api.w.org\/{rel}","templated":true}]}}