{"id":5032,"date":"2023-01-02T18:13:07","date_gmt":"2023-01-02T17:13:07","guid":{"rendered":"https:\/\/www.btsasociados.com\/?p=5032"},"modified":"2023-01-02T18:13:07","modified_gmt":"2023-01-02T17:13:07","slug":"any-2023-prorroga-de-la-suspensio-de-dissolucio-per-perdues","status":"publish","type":"post","link":"https:\/\/www.btsasociados.com\/ca\/any-2023-prorroga-de-la-suspensio-de-dissolucio-per-perdues\/","title":{"rendered":"Any 2023: Pr\u00f2rroga de la suspensi\u00f3 de dissoluci\u00f3 per p\u00e8rdues"},"content":{"rendered":"\n<p>En 2023, una vegada formulades els comptes anuals de l&#8217;exercici 2022, quan compari l&#8217;import del patrimoni net amb el capital social per a comprovar si existeix causa de dissoluci\u00f3, no haur\u00e0 de tenir en compte les p\u00e8rdues dels exercicis 2020 i 2021.<\/p>\n\n\n\n<p>El Govern prorroga durant els exercicis 2022, 2023 i 2024 la morat\u00f2ria comptable, \u00e9s a dir, la no consideraci\u00f3 de les p\u00e8rdues sofertes en 2020 i 2021 com a causa de dissoluci\u00f3 per p\u00e8rdues prevista en la Llei de Societats de Capital, amb l&#8217;objectiu de permetre que les empreses viables puguin disposar d&#8217;un termini suficient i definitiu per a normalitzar la seva situaci\u00f3.<\/p>\n\n\n\n<p>El Reial decret llei 20\/2022, de 27 de desembre, de mesures de resposta a les conseq\u00fc\u00e8ncies econ\u00f2miques i socials de la Guerra d&#8217;Ucra\u00efna i de suport a la reconstrucci\u00f3 de l&#8217;illa de La Palma i a altres situacions de vulnerabilitat, est\u00e9n la mesura excepcional prevista en l&#8217;article 13 de la Llei 3\/2020, de 18 de setembre i, en conseq\u00fc\u00e8ncia, a l&#8217;efecte de la causa legal de dissoluci\u00f3 per p\u00e8rdues, no es computaran les dels exercicis 2020 i 2021 durant un per\u00edode de 3 exercicis comptables; aix\u00f2 \u00e9s, les p\u00e8rdues dels exercicis 2020 i 2021 no es es tindran en compte ni en els exercicis comptables de 2022 i 2023 ni fins al moment del tancament de l&#8217;exercici 2024.<\/p>\n\n\n\n<p>L&#8217;impacte que encara t\u00e9 la crisi sanit\u00e0ria i la inflaci\u00f3 en els resultats econ\u00f2mics de moltes empreses ha propiciat la modificaci\u00f3 de la Llei 3\/2020, de 18 de setembre, de mesures processals i organitzatives per a fer front al COVID-19 en l&#8217;\u00e0mbit de l&#8217;Administraci\u00f3 de Just\u00edcia, per a estirar uns terminis que expiraven a final d&#8217;any.<\/p>\n\n\n\n<p>\u00danicament als efectes de determinar la concurr\u00e8ncia de la causa de dissoluci\u00f3 prevista en l&#8217;article 363.1.e) del text ref\u00f3s de la Llei de Societats de Capital, aprovat pel Reial decret legislatiu 1\/2010, de 2 de juliol, no es prendran en consideraci\u00f3 les p\u00e8rdues dels exercicis 2020 i 2021. En el cas que tenint nom\u00e9s en compte el resultat dels exercicis 2022, 2023 o 2024, resultessin p\u00e8rdues que deixin redu\u00eft el patrimoni net a una quantitat inferior a la meitat del capital social, s\u00ed que s&#8217;apreciar\u00e0 concurr\u00e8ncia de la causa legal de dissoluci\u00f3.<\/p>\n\n\n\n<p>Una rigorosa aplicaci\u00f3 de la legislaci\u00f3 mercantil en mat\u00e8ria de dissoluci\u00f3 social tindria conseq\u00fc\u00e8ncies encara m\u00e9s devastadores.<\/p>\n\n\n\n<p>No oblidem que l&#8217;article 363.1.e) de la Llei de Societats de Capital estableix que la societat incorre en causa de dissoluci\u00f3 quan les p\u00e8rdues deixen redu\u00eft el patrimoni net a una quantitat inferior a la meitat del capital social, la qual cosa porta aparellada l&#8217;obligaci\u00f3 de l&#8217;administrador de convocar junta general en el termini de dos mesos per a acordar la dissoluci\u00f3 (o, en el seu cas, instar el concurs).<\/p>\n\n\n\n<p>La pr\u00f2rroga de la suspensi\u00f3 de la dissoluci\u00f3 per p\u00e8rdues indica expressament que el termini de dos mesos que tenen els administradors per a convocar Junta General comen\u00e7a a comptar des del \u201ctancament de l&#8217;exercici\u201d, la qual cosa suposa que el c\u00f2mput s&#8217;iniciaria ja el 31 de desembre (si l&#8217;exercici coincideix amb l&#8217;any natural), sense esperar a la formulaci\u00f3 dels comptes anuals al mar\u00e7.<\/p>\n\n\n\n<p><strong>Car\u00e0cter temporal i excepcional.<\/strong><\/p>\n\n\n\n<p>Les p\u00e8rdues de 2020 i 2021 que hagin mutilat el patrimoni net de l&#8217;empresa fins al l\u00edmit de la dissoluci\u00f3 s\u00ed que tindran conseq\u00fc\u00e8ncies en el resultat de 2024.<\/p>\n\n\n\n<p>Si el legislador perdon\u00e9s definitivament les p\u00e8rdues mantindr\u00edem en l&#8217;UVI a societats amb situacions patrimonials molt compromeses, amb el risc que aix\u00f2 comporta per a la seguretat del tr\u00e0fic mercantil.<\/p>\n\n\n\n<p><strong>Responsabilitat dels administradors.<\/strong><\/p>\n\n\n\n<p>La q\u00fcesti\u00f3 ha d&#8217;interessar de manera especial als membres de l&#8217;\u00f2rgan d&#8217;administraci\u00f3, donat el sever r\u00e8gim de responsabilitat assumit en el cas que, esdevinguda la causa de dissoluci\u00f3, no adoptin les mesures que la Llei els imposa.<\/p>\n\n\n\n<p>En aquests moments de recessi\u00f3 en els quals la facturaci\u00f3 de les empreses pot veure&#8217;s afectada considerablement, tot administrador de dret o de fet ha de con\u00e8ixer en quina situaci\u00f3 es troba la societat o societats que administra, per si fos necessari convocar una junta de socis amb la finalitat de promoure una ampliaci\u00f3 de capital, iniciar el procediment de dissoluci\u00f3 (amb una liquidaci\u00f3 ordenada dels seus actius) o b\u00e9 sol\u00b7licitar un concurs voluntari.<\/p>\n\n\n\n<p><strong>Article 365. Deure de convocat\u00f2ria.<\/strong><\/p>\n\n\n\n<p>1. Els administradors hauran de convocar la junta general en el termini de dos mesos perqu\u00e8 adopti l&#8217;acord de dissoluci\u00f3 o, si la societat fos insolvent, aquesta insti el concurs. Qualsevol soci podr\u00e0 sol\u00b7licitar dels administradors la convocat\u00f2ria si, al seu judici, concorregu\u00e9s alguna causa de dissoluci\u00f3 o la societat fos insolvent.<\/p>\n\n\n\n<p>2. La junta general podr\u00e0 adoptar l&#8217;acord de dissoluci\u00f3 o, si const\u00e9s en l&#8217;ordre del dia, aquell o aquells que siguin necessaris per a la remoci\u00f3 de la causa.<\/p>\n\n\n\n<p><strong>Article 367. Responsabilitat solid\u00e0ria dels administradors.<\/strong><\/p>\n\n\n\n<p>1. Respondran solid\u00e0riament de les obligacions socials posteriors a l&#8217;esdeveniment de la causa legal de dissoluci\u00f3 els administradors que incompleixin l&#8217;obligaci\u00f3 de convocar en el termini de dos mesos la junta general perqu\u00e8 adopti, si escau, l&#8217;acord de dissoluci\u00f3, aix\u00ed com els administradors que no sol\u00b7licitin la dissoluci\u00f3 judicial o, si proced\u00eds, el concurs de la societat, en el termini de dos mesos a comptar des de la data prevista per a la celebraci\u00f3 de la junta, quan aquesta no s&#8217;hagi constitu\u00eft, o des del dia de la junta, quan l&#8217;acord hagu\u00e9s estat contrari a la dissoluci\u00f3.<\/p>\n\n\n\n<p>2. En aquests casos les obligacions socials reclamades es presumiran de data posterior a l&#8217;esdeveniment de la causa legal de dissoluci\u00f3 de la societat, tret que els administradors acreditin que s\u00f3n de data anterior.<\/p>\n\n\n\n<p>En suspendre&#8217;s la causa de dissoluci\u00f3 per p\u00e8rdues, no es podr\u00e0 invocar la responsabilitat solid\u00e0ria dels administradors per aquest motiu.<\/p>\n\n\n\n<p><strong><em>Quan pot con\u00e8ixer l&#8217;administrador que la societat est\u00e0 culpable en causa de dissoluci\u00f3 per p\u00e8rdues?<\/em><\/strong><\/p>\n\n\n\n<p>Suspensions, ajornaments o mesures excepcionals aparti aquesta pol\u00e8mica sempre ha existit tant en temps de normalitat econ\u00f2mica com en els d&#8217;incertesa. La q\u00fcesti\u00f3 no \u00e9s f\u00fatil. \u00c9s molt important per als administradors determinar el moment exacte en el qual arrenca el comptador de la seva responsabilitat. L&#8217;Article 367 de la&nbsp;LSC&nbsp;tan sols indica que els administradors \u201cRespondran solid\u00e0riament de les obligacions socials posteriors a l&#8217;esdeveniment de la causa legal de dissoluci\u00f3\u2026\u201d si no convoquen la junta en el termini de dos mesos, o si escau, i si proced\u00eds, no sol\u00b7liciten la dissoluci\u00f3 judicial, per\u00f2 Quan s&#8217;ha de donar inici al c\u00f2mput d&#8217;aquestes obligacions?<\/p>\n\n\n\n<p>Hem de prendre en consideraci\u00f3 3 moments:<\/p>\n\n\n\n<ul><li>Al tancament de l&#8217;exercici social, en la majoria dels casos el 31 de desembre. Amb la comptabilitat tancada l&#8217;administrador ja pot constatar tals p\u00e8rdues,<\/li><li>Al final de la formulaci\u00f3 dels comptes anuals, que coincideix amb el moment que l&#8217;administrador les signa i<\/li><li> A la data de l&#8217;aprovaci\u00f3 per la junta general dels comptes, que \u00e9s quan aquestes ja s\u00f3n definitives i fermes.<\/li><\/ul>\n\n\n\n<p>La doctrina est\u00e0 dividida. Per a uns, els menys, la data ha de ser la d&#8217;elaboraci\u00f3 i tancament dels comptes anuals \u201cperqu\u00e8 \u00e9s quan els administradors detecten les p\u00e8rdues\u201d<\/p>\n\n\n\n<p>Per a uns altres, inclosa la jurisprud\u00e8ncia majorit\u00e0ria, \u201cen qualsevol moment de la vida social en qu\u00e8 es detectin\u201d \u00c9s a dir que, si en qualsevol balan\u00e7 trimestral s&#8217;adverteix l&#8217;exist\u00e8ncia de p\u00e8rdues, sorgir\u00e0 l&#8217;obligaci\u00f3 de convocar junta. Avui dia amb els sistemes comptables informatitzats la situaci\u00f3 pot ser perfectament coneguda.<\/p>\n\n\n\n<p>En definitiva, en cas de conflicte, ser\u00e0 una q\u00fcesti\u00f3 a valorar pels Tribunals, sobretot perqu\u00e8 normalment el creditor no coneixer\u00e0 la situaci\u00f3 deficit\u00e0ria fins que es produeixi el dip\u00f2sit de comptes de l&#8217;exercici, la qual cosa tindr\u00e0 lloc uns mesos despr\u00e9s de la celebraci\u00f3 de la junta.<\/p>\n\n\n\n<p>Qualsevol dubte que els sorgeixen respecte a aquest tema no dubtin a dirigir-se a nosaltres, telef\u00f2nicament a Carles Monfort\u00a0Codina\u00a0o al seu e-mail <a href=\"mailto:cmc@btsasociados.com\" target=\"_blank\" rel=\"noreferrer noopener\">cmc@btsasociados.com<\/a>, estarem encantats a atendre&#8217;ls.<\/p>\n","protected":false},"excerpt":{"rendered":"<p>En 2023, una vegada formulades els comptes anuals de l&#8217;exercici 2022, quan compari l&#8217;import del patrimoni net amb el capital social per a comprovar si&#8230;<\/p>\n","protected":false},"author":2,"featured_media":0,"comment_status":"closed","ping_status":"open","sticky":false,"template":"","format":"standard","meta":[],"categories":[14],"acf":[],"_links":{"self":[{"href":"https:\/\/www.btsasociados.com\/ca\/wp-json\/wp\/v2\/posts\/5032"}],"collection":[{"href":"https:\/\/www.btsasociados.com\/ca\/wp-json\/wp\/v2\/posts"}],"about":[{"href":"https:\/\/www.btsasociados.com\/ca\/wp-json\/wp\/v2\/types\/post"}],"author":[{"embeddable":true,"href":"https:\/\/www.btsasociados.com\/ca\/wp-json\/wp\/v2\/users\/2"}],"replies":[{"embeddable":true,"href":"https:\/\/www.btsasociados.com\/ca\/wp-json\/wp\/v2\/comments?post=5032"}],"version-history":[{"count":0,"href":"https:\/\/www.btsasociados.com\/ca\/wp-json\/wp\/v2\/posts\/5032\/revisions"}],"wp:attachment":[{"href":"https:\/\/www.btsasociados.com\/ca\/wp-json\/wp\/v2\/media?parent=5032"}],"wp:term":[{"taxonomy":"category","embeddable":true,"href":"https:\/\/www.btsasociados.com\/ca\/wp-json\/wp\/v2\/categories?post=5032"}],"curies":[{"name":"wp","href":"https:\/\/api.w.org\/{rel}","templated":true}]}}