{"id":5027,"date":"2023-01-02T17:56:45","date_gmt":"2023-01-02T16:56:45","guid":{"rendered":"https:\/\/www.btsasociados.com\/?p=5027"},"modified":"2023-01-02T17:56:46","modified_gmt":"2023-01-02T16:56:46","slug":"el-constitucional-condemna-a-hisenda-per-utilitzar-nomes-les-notificacions-electroniques","status":"publish","type":"post","link":"https:\/\/www.btsasociados.com\/ca\/el-constitucional-condemna-a-hisenda-per-utilitzar-nomes-les-notificacions-electroniques\/","title":{"rendered":"El Constitucional condemna a Hisenda per utilitzar nom\u00e9s les notificacions electr\u00f2niques"},"content":{"rendered":"\n<p>El Constitucional condemna a Hisenda per utilitzar nom\u00e9s les notificacions electr\u00f2niques<\/p>\n\n\n\n<p>El m\u00e0xim tribunal dona la ra\u00f3 a una empresa perseguida per Hisenda per culpa d&#8217;una notificaci\u00f3 de la qual ni tan sols era conscient.<\/p>\n\n\n\n<p>Nou cop judicial als procediments de l<strong>&#8216;Ag\u00e8ncia Tribut\u00e0ria.<\/strong> En aquest cas, ha estat el Tribunal Constitucional el que ha condemnat a Hisenda per una pr\u00e0ctica que afecta milers d&#8217;aut\u00f2noms i empreses: la d&#8217;utilitzar \u00fanicament el <strong>canal electr\u00f2nic per a notificar els processos de revisi\u00f3 de l&#8217;IVA.<\/strong><\/p>\n\n\n\n<p>A trav\u00e9s d&#8217;una sent\u00e8ncia emesa per \u00f2rgan de just\u00edcia a data del 29 de novembre, el TC dicta que l&#8217;<strong>Ag\u00e8ncia Tribut\u00e0ria ha vulnerat el dret a la tutela judicial<\/strong> efectiva mitjan\u00e7ant el seu sistema de notificacions telem\u00e0tiques, i obliga des d&#8217;ara al departament dirigit per Mar\u00eda Jes\u00fas Montero a usar un <strong>canal alternatiu si el contribuent no accedeix a la seva b\u00fastia digital.<\/strong><\/p>\n\n\n\n<h3>El cas<\/h3>\n\n\n\n<p>La decisi\u00f3 parteix d&#8217;una llarga batalla judicial entre una pime i Hisenda. Tot va comen\u00e7ar en 2014, quan l&#8217;Ag\u00e8ncia Tribut\u00e0ria va sol\u00b7licitar a la societat contribuent documents extra sobre la declaraci\u00f3 d&#8217;IVA de l&#8217;any 2012. Per\u00f2 <strong>aquesta sol\u00b7licitud es va realitzar a trav\u00e9s de la seu electr\u00f2nica, i el contribuent desconeixia el sistema<\/strong>, per la qual cosa no va poder atendre els requeriments. Passats 10 dies sense resposta, Hisenda va entendre, en aplicaci\u00f3 de la normativa, que la pime havia estat degudament notificada, tot i que no havia accedit a l&#8217;av\u00eds.<\/p>\n\n\n\n<p>At\u00e8s que el contribuent, <strong>a ulls de la Hisenda, no podia justificar el que se li demanava<\/strong>, es va iniciar una liquidaci\u00f3 paral\u00b7lela, la qual va ser tamb\u00e9 enviada mitjan\u00e7ant sistema electr\u00f2nic. Quan finalment la pime es va adonar del problema, els seus comptes havien estat bloquejades i els seus cr\u00e8dits embargats, per la qual cosa va sol\u00b7licitar a l&#8217;Ag\u00e8ncia Tribut\u00e0ria que dugu\u00e9s a terme una nova inspecci\u00f3. Per\u00f2 la\u00a0AEAT\u00a0la va rebutjar la petici\u00f3, i la societat afectada es va veure obligada a <strong>rec\u00f3rrer per la via judicial<\/strong>.<\/p>\n\n\n\n<p>No obstant aix\u00f2, <strong>els tribunals van donar la ra\u00f3 a Hisenda<\/strong>: tant el Jutjat Central del Contenci\u00f3s administratiu, en primera inst\u00e0ncia, com la Sala contenciosa administrativa de l&#8217;Audi\u00e8ncia nacional, en segona. Per part seva, el <strong>Suprem no va admetre el recurs<\/strong> de cassaci\u00f3 de la societat, i el cas va acabar llavors en el Constitucional.<\/p>\n\n\n\n<p>Doncs b\u00e9, despr\u00e9s d&#8217;estudiar el cas, el m\u00e0xim tribunal ha constatat que l&#8217;actitud d&#8217;Hisenda no va ser la correcta, ja que va fer una en \u00abaplicaci\u00f3 rigorista\u00bb de la normativa. El Constitucional ent\u00e9n que, malgrat que la notificaci\u00f3 electr\u00f2nica s&#8217;ajusta a la norma, <strong>Hisenda va violar la tutela judicial efectiva<\/strong> \u2013un dret recollit en la Carta Magna\u2013 en el seu vessant administratiu. Aquest dret estipula que els ciutadans tenen dret \u00ab<strong>a ser informats de l&#8217;acusaci\u00f3 formulada contra ells<\/strong>\u00bb, la qual cosa va incomplir l&#8217;Ag\u00e8ncia Tribut\u00e0ria.<\/p>\n\n\n\n<p>D&#8217;aquesta manera, el TC anul\u00b7la les sent\u00e8ncies de primera i segona inst\u00e0ncia, i condemna a Hisenda a anul\u00b7lar les liquidacions que va efectuar pel proc\u00e9s, aix\u00ed com <strong>a retornar amb interessos els diners embargats<\/strong> (70.000 euros). Aix\u00ed mateix, perqu\u00e8 aquests abusos no tornin a cometre&#8217;s, el tribunal insta el departament de Mar\u00eda Jes\u00fas Montero a <strong>modificar el sistema de notificacions<\/strong> per a s&#8217;usin mitjans alternatius de comunicaci\u00f3 si l&#8217;afectat no accedeix a la b\u00fastia digital.<\/p>\n\n\n\n<p>Amb motiu d&#8217;aquest plet, l&#8217;empresa afectada ha mantingut contra les cordes la seva operativa per culpa d&#8217;una notificaci\u00f3 de la qual ni tan sols era conscient.<strong> Han passat 8 anys des que Hisenda li envi\u00e9s la primera notificaci\u00f3<\/strong>. Un temps de plet extremadament llarg pel qual moltes altres empreses o aut\u00f2noms podrien haver-se vist abocades al tancament.<\/p>\n\n\n\n<p>Qualsevol dubte que els sorgeixen respecte a aquest tema no dubtin a dirigir-se a nosaltres, telef\u00f2nicament a Carles Monfort\u00a0Codina\u00a0o al seu e-mail <a href=\"mailto:cmc@btsasociados.com\" target=\"_blank\" rel=\"noreferrer noopener\">cmc@btsasociados.com<\/a>, estarem encantats a atendre&#8217;ls.<\/p>\n","protected":false},"excerpt":{"rendered":"<p>El Constitucional condemna a Hisenda per utilitzar nom\u00e9s les notificacions electr\u00f2niques El m\u00e0xim tribunal dona la ra\u00f3 a una empresa perseguida per Hisenda per culpa&#8230;<\/p>\n","protected":false},"author":2,"featured_media":0,"comment_status":"closed","ping_status":"open","sticky":false,"template":"","format":"standard","meta":[],"categories":[14],"acf":[],"_links":{"self":[{"href":"https:\/\/www.btsasociados.com\/ca\/wp-json\/wp\/v2\/posts\/5027"}],"collection":[{"href":"https:\/\/www.btsasociados.com\/ca\/wp-json\/wp\/v2\/posts"}],"about":[{"href":"https:\/\/www.btsasociados.com\/ca\/wp-json\/wp\/v2\/types\/post"}],"author":[{"embeddable":true,"href":"https:\/\/www.btsasociados.com\/ca\/wp-json\/wp\/v2\/users\/2"}],"replies":[{"embeddable":true,"href":"https:\/\/www.btsasociados.com\/ca\/wp-json\/wp\/v2\/comments?post=5027"}],"version-history":[{"count":0,"href":"https:\/\/www.btsasociados.com\/ca\/wp-json\/wp\/v2\/posts\/5027\/revisions"}],"wp:attachment":[{"href":"https:\/\/www.btsasociados.com\/ca\/wp-json\/wp\/v2\/media?parent=5027"}],"wp:term":[{"taxonomy":"category","embeddable":true,"href":"https:\/\/www.btsasociados.com\/ca\/wp-json\/wp\/v2\/categories?post=5027"}],"curies":[{"name":"wp","href":"https:\/\/api.w.org\/{rel}","templated":true}]}}