{"id":4978,"date":"2022-11-24T15:51:39","date_gmt":"2022-11-24T14:51:39","guid":{"rendered":"https:\/\/www.btsasociados.com\/?p=4978"},"modified":"2022-11-24T15:52:35","modified_gmt":"2022-11-24T14:52:35","slug":"samplia-fins-a-desembre-de-2023-la-linia-davals-ico-per-a-garantir-la-liquiditat-dautonoms-i-empreses","status":"publish","type":"post","link":"https:\/\/www.btsasociados.com\/ca\/samplia-fins-a-desembre-de-2023-la-linia-davals-ico-per-a-garantir-la-liquiditat-dautonoms-i-empreses\/","title":{"rendered":"S&#8217;amplia fins a desembre de 2023 la l\u00ednia d&#8217;avals ICO per a garantir la liquiditat d&#8217;aut\u00f2noms i empreses"},"content":{"rendered":"\n<p>El Butllet\u00ed Oficial de l&#8217;Estat ha publicat que s&#8217;establir\u00e0 un Codi de Bones Pr\u00e0ctiques per a alleujar la pujada dels tipus d&#8217;inter\u00e8s en pr\u00e9stecs hipotecaris sobre l&#8217;habitatge habitual i aprovar mesures urgents de protecci\u00f3 de deutors hipotecaris sense recursos,<strong> s&#8217;amplia fins al 31 de desembre de 2023 la l\u00ednia d&#8217;avals destinada a garantir la liquiditat d&#8217;aut\u00f2noms i empreses<\/strong>, regulada en el paquet de mesures contra la guerra a Ucra\u00efna a trav\u00e9s del Reial decret -Llei 6\/2022. (DF\u00a0segona\u00a0RDl\u00a019\/2022).<\/p>\n\n\n\n<p>Aquesta l\u00ednia d&#8217;avals que compta amb una assignaci\u00f3 de 10.000 milions d&#8217;euros es va activar al maig amb un primer tram de 5.000 milions gestionat per l&#8217;Institut de Cr\u00e8dit Oficial en col\u00b7laboraci\u00f3 amb les Entitats Financeres. En aquest nou Reial decret llei es canvia la configuraci\u00f3 d&#8217;aquesta dotaci\u00f3 dividint-la en dos compartiments, un de 3.500 milions per a <strong>pimes i aut\u00f2noms <\/strong>i un altre de 1.500 milions per a grans companyies, amb la finalitat de garantir l&#8217;acc\u00e9s al finan\u00e7ament d&#8217;empreses de totes les grand\u00e0ries.<\/p>\n\n\n\n<p>Els avals es destinen a garantir noves operacions de finan\u00e7ament concedides per les Entitats Financeres, i podran sol\u00b7licitar-los fins a l&#8217;<strong>1 de desembre de 2023 els aut\u00f2noms i empreses<\/strong> que no es trobin en situaci\u00f3 de morositat ni en procediment concursal a la data de signatura de l&#8217;operaci\u00f3, ni estiguin subjectes a sancions per part de la Uni\u00f3 Europea, ni tinguin en el moment de sol\u00b7licitud de l&#8217;aval cap proc\u00e9s d&#8217;execuci\u00f3 d&#8217;avals gestionats per l&#8217;ICO.<\/p>\n\n\n\n<p>L&#8217;aval garantir\u00e0 fins al <strong>80%<\/strong> dels <strong>nous pr\u00e9stecs<\/strong> d&#8217;operacions sol\u00b7licitades amb import m\u00e0xim avalat de fins a 2.000.000 euros amb car\u00e0cter general, 250.000 euros per a empreses prim\u00e0ries de productes agr\u00edcoles i 300.000 euros per a pesca i aq\u00fcicultura, en una o diverses operacions de pr\u00e9stec. En aquests casos, l&#8217;aval em\u00e8s tindr\u00e0 una vig\u00e8ncia igual al termini del pr\u00e9stec concedit, amb un termini m\u00e0xim de 10 anys.<\/p>\n\n\n\n<p>Superats aquests llindars, l&#8217;import m\u00e0xim del total de pr\u00e9stecs avalats per beneficiari es fixar\u00e0 en funci\u00f3 del seu volum de negoci anual mitj\u00e0 o dels seus costos energ\u00e8tics en els 12 \u00faltims mesos, per\u00f2 en cap cas podr\u00e0 superar els 150 milions d&#8217;euros. En aquests pr\u00e9stecs, l&#8217;aval podr\u00e0 garantir fins al 80% de l&#8217;import del cr\u00e8dit per a pimes i aut\u00f2noms i fins al 7<strong>0% per a la resta d&#8217;empreses.<\/strong> La durada de l&#8217;aval coincidir\u00e0 tamb\u00e9 amb el termini d&#8217;amortitzaci\u00f3 de l&#8217;operaci\u00f3, que ser\u00e0 de fins a vuit anys.<\/p>\n\n\n\n<p>Totes les operacions comptaran, a sol\u00b7licitud del deutor, amb un per\u00edode de car\u00e8ncia inicial del <strong>principal de 12 mesos i les entitats financeres deuran<\/strong>:<\/p>\n\n\n\n<ul><li>Mantenir obertes les l\u00ednies de circulant dels seus clients fins al 31 de desembre de 2023.<\/li><\/ul>\n\n\n\n<ul><li>Aplicar els millors usos i pr\u00e0ctiques banc\u00e0ries en benefici dels seus clients i<\/li><\/ul>\n\n\n\n<ul><li>No condicionar l&#8217;aprovaci\u00f3 dels pr\u00e9stecs a la contractaci\u00f3 per part del client de cap altre servei o producte.<\/li><\/ul>\n\n\n\n<p>Finalment, recordi tamb\u00e9 que, per a aquelles operacions de m\u00e9s de 50 milions d&#8217;euros, s&#8217;estableix el comprom\u00eds del beneficiari de no repartir dividends durant la vida de l&#8217;operaci\u00f3.<\/p>\n\n\n\n<p><br>Qualsevol dubte que els sorgeixen respecte a aquest tema no dubtin a dirigir-se a nosaltres, telef\u00f2nicament a Carles Monfort\u00a0Codina\u00a0o al seu e-mail <a href=\"mailto:cmc@btsasociados.com\" target=\"_blank\" rel=\"noreferrer noopener\">cmc@btsasociados.com<\/a>, estarem encantats a atendre&#8217;ls.<\/p>\n","protected":false},"excerpt":{"rendered":"<p>El Butllet\u00ed Oficial de l&#8217;Estat ha publicat que s&#8217;establir\u00e0 un Codi de Bones Pr\u00e0ctiques per a alleujar la pujada dels tipus d&#8217;inter\u00e8s en pr\u00e9stecs hipotecaris&#8230;<\/p>\n","protected":false},"author":2,"featured_media":0,"comment_status":"closed","ping_status":"open","sticky":false,"template":"","format":"standard","meta":[],"categories":[14],"acf":[],"_links":{"self":[{"href":"https:\/\/www.btsasociados.com\/ca\/wp-json\/wp\/v2\/posts\/4978"}],"collection":[{"href":"https:\/\/www.btsasociados.com\/ca\/wp-json\/wp\/v2\/posts"}],"about":[{"href":"https:\/\/www.btsasociados.com\/ca\/wp-json\/wp\/v2\/types\/post"}],"author":[{"embeddable":true,"href":"https:\/\/www.btsasociados.com\/ca\/wp-json\/wp\/v2\/users\/2"}],"replies":[{"embeddable":true,"href":"https:\/\/www.btsasociados.com\/ca\/wp-json\/wp\/v2\/comments?post=4978"}],"version-history":[{"count":0,"href":"https:\/\/www.btsasociados.com\/ca\/wp-json\/wp\/v2\/posts\/4978\/revisions"}],"wp:attachment":[{"href":"https:\/\/www.btsasociados.com\/ca\/wp-json\/wp\/v2\/media?parent=4978"}],"wp:term":[{"taxonomy":"category","embeddable":true,"href":"https:\/\/www.btsasociados.com\/ca\/wp-json\/wp\/v2\/categories?post=4978"}],"curies":[{"name":"wp","href":"https:\/\/api.w.org\/{rel}","templated":true}]}}