{"id":4630,"date":"2022-08-19T09:34:26","date_gmt":"2022-08-19T08:34:26","guid":{"rendered":"https:\/\/www.btsasociados.com\/?p=4630"},"modified":"2022-08-19T09:34:27","modified_gmt":"2022-08-19T08:34:27","slug":"es-possible-rectificar-lautoliquidacio-fora-del-termini-de-presentacio","status":"publish","type":"post","link":"https:\/\/www.btsasociados.com\/ca\/es-possible-rectificar-lautoliquidacio-fora-del-termini-de-presentacio\/","title":{"rendered":"\u00c9s possible rectificar l&#8217;autoliquidaci\u00f3 fora del termini de presentaci\u00f3?"},"content":{"rendered":"\n<p>Segons ha anunciat, l&#8217;Administraci\u00f3, resoldr\u00e0 incrementar les quotes per IVA a la importaci\u00f3 declarat per una entitat en els <strong>exercicis 2008 i 2009.<\/strong><br><br>Sense oblidar-se que el\u00a0TEAC\u00a0(Tribunal Economicoadministratiu Central), primer, ha de <strong>presentar una sol\u00b7licitud de rectificacions d&#8217;autoliquidaci\u00f3<\/strong>. Amb la finalitat d&#8217;incloure com a IVA suportat dedu\u00efble les quotes d&#8217;IVA liquidades per importacions.<br><br>Aix\u00ed mateix, la\u00a0LIVA\u00a0(Llei de l&#8217;IVA), determinar\u00e0 en quins casos la proced\u00e8ncia del dret a decidir o a la quantitat de la deducci\u00f3 estigui pendent de la resoluci\u00f3 via administrativa o jurisdiccional.<br><br>Cal tenir en compte que aquest termini de caducitat del dret a deduir finalitza al cap de<strong> quatre anys<\/strong> des que la resoluci\u00f3 o sent\u00e8ncia que resolgui aquesta controv\u00e8rsia sigui ferma.<br><br>Per conseg\u00fcent, considerant que la inclusi\u00f3 de <strong>quotes d&#8217;IVA<\/strong> suportat no pot efectuar-se en el per\u00edode que el contribuent que consideri oport\u00fa, sin\u00f3 en aquell en el qual s&#8217;exerceixi el dret a la deducci\u00f3, no procediria l&#8217;estimaci\u00f3 de la sol\u00b7licitud, presentada en l&#8217;exercici 2012, de rectificaci\u00f3 d&#8217;autoliquidacions corresponents als <strong>exercicis 2008 i 2009.<\/strong><br><br>Qualsevol q\u00fcesti\u00f3 que els sorgeixen respecte a aquest tema no dubtin a dirigir-se a nosaltres, telef\u00f2nicament a Carles Monfort\u00a0Codina\u00a0o al seu e-mail <a href=\"mailto:cmc@btsasociados.com\">cmc@btsasociados.com<\/a>, estarem encantats a atendre&#8217;ls.<\/p>\n","protected":false},"excerpt":{"rendered":"<p>Segons ha anunciat, l&#8217;Administraci\u00f3, resoldr\u00e0 incrementar les quotes per IVA a la importaci\u00f3 declarat per una entitat en els exercicis 2008 i 2009. Sense oblidar-se&#8230;<\/p>\n","protected":false},"author":2,"featured_media":0,"comment_status":"closed","ping_status":"open","sticky":false,"template":"","format":"standard","meta":[],"categories":[14],"acf":[],"_links":{"self":[{"href":"https:\/\/www.btsasociados.com\/ca\/wp-json\/wp\/v2\/posts\/4630"}],"collection":[{"href":"https:\/\/www.btsasociados.com\/ca\/wp-json\/wp\/v2\/posts"}],"about":[{"href":"https:\/\/www.btsasociados.com\/ca\/wp-json\/wp\/v2\/types\/post"}],"author":[{"embeddable":true,"href":"https:\/\/www.btsasociados.com\/ca\/wp-json\/wp\/v2\/users\/2"}],"replies":[{"embeddable":true,"href":"https:\/\/www.btsasociados.com\/ca\/wp-json\/wp\/v2\/comments?post=4630"}],"version-history":[{"count":0,"href":"https:\/\/www.btsasociados.com\/ca\/wp-json\/wp\/v2\/posts\/4630\/revisions"}],"wp:attachment":[{"href":"https:\/\/www.btsasociados.com\/ca\/wp-json\/wp\/v2\/media?parent=4630"}],"wp:term":[{"taxonomy":"category","embeddable":true,"href":"https:\/\/www.btsasociados.com\/ca\/wp-json\/wp\/v2\/categories?post=4630"}],"curies":[{"name":"wp","href":"https:\/\/api.w.org\/{rel}","templated":true}]}}