{"id":4264,"date":"2022-02-14T12:49:38","date_gmt":"2022-02-14T11:49:38","guid":{"rendered":"http:\/\/www.btsasociados.com\/?p=4264"},"modified":"2022-02-14T12:49:41","modified_gmt":"2022-02-14T11:49:41","slug":"el-pla-descriva-per-als-autonoms-puja-de-4-200-a-15-200-euros-la-quota-anual-maxima-en-nou-anys","status":"publish","type":"post","link":"https:\/\/www.btsasociados.com\/ca\/el-pla-descriva-per-als-autonoms-puja-de-4-200-a-15-200-euros-la-quota-anual-maxima-en-nou-anys\/","title":{"rendered":"El pla d&#8217;Escriv\u00e0 per als aut\u00f2noms puja de 4.200 a 15.200 euros, la quota anual m\u00e0xima en nou anys"},"content":{"rendered":"\n<p>Investigadors de l&#8217;Ivie alerten de les inequitats del nou model i proposen fer servir els rendiments fiscals com a base de cotitzaci\u00f3 per\u00f2 un \u00fanic tipus per a tothom.<\/p>\n\n\n\n<p>El Col\u00b7legi General d&#8217;Economistes va qualificar aquesta setmana d&#8217;\u201cinviable\u201d la proposta de reforma feta pel Govern per al sistema de cotitzaci\u00f3 a la Seguretat Social.&nbsp;A aquesta cr\u00edtica tamb\u00e9 s&#8217;hi han sumat des del m\u00f3n acad\u00e8mic a trav\u00e9s d&#8217;un document anal\u00edtic elaborat pels investigadors de l&#8217;Institut Valenci\u00e0 d&#8217;Investigacions Econ\u00f2miques (Ivie).&nbsp;En aquest document, alerten que el nou model de cotitzaci\u00f3 ideat pel ministre d&#8217;Inclusi\u00f3, Seguretat Social i Migracions, Jos\u00e9 Luis Escriv\u00e1, t\u00e9 &#8220;importants defici\u00e8ncies d&#8217;equitat&#8221;.<\/p>\n\n\n\n<p>\u00c9s m\u00e9s, segons la seva an\u00e0lisi, aquestes inequitats es registren en diferents \u00e0mbits: dins del r\u00e8gim d&#8217;aut\u00f2noms mateix entre aquells que m\u00e9s guanyen i els que menys;&nbsp;respecte al R\u00e8gim General d&#8217;assalariats\u201d;&nbsp;i, especialment, aquestes defici\u00e8ncies creixen en el sistema transitori d&#8217;implantaci\u00f3 entre el 2023 i el 2031.<\/p>\n\n\n\n<p>La primera inequitat que plantegen aquests experts sorgeix del fet dabandonar lelecci\u00f3 de la base de cotitzaci\u00f3 i que es passi a cotitzar pels rendiments fiscals declarats fiscalment.&nbsp;Per\u00f2, a m\u00e9s, la quota a pagar es fixar\u00e0 en funci\u00f3 d&#8217;una s\u00e8rie de trams de rendiments, en lloc de ser la resultant d&#8217;aplicar un mateix tipus \u00fanic a la base de cotitzaci\u00f3, com passava fins ara.&nbsp;Aix\u00f2 vol dir que \u201cno tots els afiliats estaran subjectes al mateix tipus de cotitzaci\u00f3, cosa que implica una fallida respecte al que passava fins ara al R\u00e8gim Especial d&#8217;Aut\u00f2noms (RETA) i al General d&#8217;assalariats\u201d, indiquen els investigadors de l&#8217;Ivie.&nbsp;Amb aix\u00f2 \u2013afegeixen\u2013 es genera una inequitat.<\/p>\n\n\n\n<p>Segons adverteixen, les diferents variacions de quotes no semblen seguir cap patr\u00f3 \u201craonable\u201d.&nbsp;Si es comparen les quotes que es pagaran el 2023 amb les que s&#8217;abonaran el 2031, algunes com les dels ingressos m\u00e9s baixos (menys de 600 euros al mes) baixaran un 35% mentre que aquelles que pagaran la quota m\u00e0xima es veuran incrementades a prop un 250%.&nbsp;Concretament, aquests tipus \u201cimpl\u00edcits\u201d a les futures quotes s\u00f3n molt diferents segons el volum de rendiments.<\/p>\n\n\n\n<p>Els economistes que han elaborat el document de l&#8217;Ivie sobre la nova cotitzaci\u00f3 del R\u00e8gim d&#8217;aut\u00f2noms \u2013Enrique Devesa, Mar Devesa, Borja Ecinas, Immaculada Dom\u00ednguez, Miguel \u00c1ngel Garc\u00eda i Robert Menu\u2013 destaquen que la cotitzaci\u00f3 per rendiments fiscals, malgrat ser m\u00e9s equitativa que l&#8217;actual, \u201caugmentar\u00e0 la complexitat de la gesti\u00f3\u201d.<\/p>\n\n\n\n<p>El seu argument \u00e9s que els pagaments dependran, d&#8217;una banda, de les dades que els mateixos aut\u00f2noms subministrin a l&#8217;Ag\u00e8ncia Tribut\u00e0ria;&nbsp;i, de l&#8217;altra, el fet que es puguin canviar fins a sis cops l&#8217;any de tram de rendiments fiscals.&nbsp;A aix\u00f2 cal afegir una regularitzaci\u00f3 anual que hauran de fer per abonar o rebre la difer\u00e8ncia entre all\u00f2 cotitzat i all\u00f2 que havien d&#8217;haver cotitzat.<\/p>\n\n\n\n<p>Com a conclusi\u00f3, aquests economistes fan una proposta alternativa: fer servir els rendiments fiscals com a base de cotitzaci\u00f3 per\u00f2 continuar aplicant un tipus \u00fanic per a tots els aut\u00f2noms (i que aquest sigui similar al dels assalariats).<\/p>\n","protected":false},"excerpt":{"rendered":"<p>Investigadors de l&#8217;Ivie alerten de les inequitats del nou model i proposen fer servir els rendiments fiscals com a base de cotitzaci\u00f3 per\u00f2 un \u00fanic&#8230;<\/p>\n","protected":false},"author":2,"featured_media":0,"comment_status":"closed","ping_status":"open","sticky":false,"template":"","format":"standard","meta":[],"categories":[16],"acf":[],"_links":{"self":[{"href":"https:\/\/www.btsasociados.com\/ca\/wp-json\/wp\/v2\/posts\/4264"}],"collection":[{"href":"https:\/\/www.btsasociados.com\/ca\/wp-json\/wp\/v2\/posts"}],"about":[{"href":"https:\/\/www.btsasociados.com\/ca\/wp-json\/wp\/v2\/types\/post"}],"author":[{"embeddable":true,"href":"https:\/\/www.btsasociados.com\/ca\/wp-json\/wp\/v2\/users\/2"}],"replies":[{"embeddable":true,"href":"https:\/\/www.btsasociados.com\/ca\/wp-json\/wp\/v2\/comments?post=4264"}],"version-history":[{"count":0,"href":"https:\/\/www.btsasociados.com\/ca\/wp-json\/wp\/v2\/posts\/4264\/revisions"}],"wp:attachment":[{"href":"https:\/\/www.btsasociados.com\/ca\/wp-json\/wp\/v2\/media?parent=4264"}],"wp:term":[{"taxonomy":"category","embeddable":true,"href":"https:\/\/www.btsasociados.com\/ca\/wp-json\/wp\/v2\/categories?post=4264"}],"curies":[{"name":"wp","href":"https:\/\/api.w.org\/{rel}","templated":true}]}}