{"id":4168,"date":"2022-01-12T12:52:53","date_gmt":"2022-01-12T11:52:53","guid":{"rendered":"http:\/\/www.btsasociados.com\/?p=4168"},"modified":"2022-01-12T12:52:55","modified_gmt":"2022-01-12T11:52:55","slug":"iva-i-serveis-prestats-per-una-xarxa-social-als-usuaris","status":"publish","type":"post","link":"https:\/\/www.btsasociados.com\/ca\/iva-i-serveis-prestats-per-una-xarxa-social-als-usuaris\/","title":{"rendered":"IVA i serveis prestats per una xarxa social als usuaris"},"content":{"rendered":"\n<h4>La DGT declara que no hi ha fet imposable de l&#8217;IVA en la prestaci\u00f3 de serveis que es presten als usuaris d&#8217;una xarxa social a canvi de les dades personals.<\/h4>\n\n\n\n<p>Un contribuent usuari d&#8217;una xarxa social propietat d&#8217;una entitat empresarial rep serveis de missatgeria instant\u00e0nia \u00e0lbum de fotos i tauler d&#8217;anuncis, entre d&#8217;altres.&nbsp;Encara que els serveis es presten sense contraprestaci\u00f3, l&#8217;alta al servei suposa cedir determinades dades a l&#8217;empresa propiet\u00e0ria que seran rendibilitzades de diferents maneres.<\/p>\n\n\n\n<p>Davant del dubte de si el contribuent t\u00e9 la condici\u00f3 d&#8217;empresari o professional i, si els serveis que es presten al contribuent estan subjectes o no a l&#8217;impost, s&#8217;eleva la consulta a la DGT.<\/p>\n\n\n\n<p>La Direcci\u00f3 General, basant-se en les conclusions a qu\u00e8 va arribar el&nbsp;&nbsp;<a href=\"https:\/\/translate.google.com\/website?sl=es&amp;tl=ca&amp;u=https:\/\/circabc.europa.eu\/sd\/a\/ee8603b3-9d86-444f-921c-003e3bee08ce\/WP%2520958%2520-%2520Art%25202%2520-%2520Internet%2520services.pdf\">Comit\u00e8 IVA al seu document de treball n\u00fam. 958 de 30-10-2018<\/a>&nbsp;, considera que els usuaris d&#8217;aquestes xarxes en cedir les seves dades, no t\u00e9 la intenci\u00f3 de participar en la producci\u00f3 o distribuci\u00f3 de b\u00e9ns o la prestaci\u00f3 de serveis.&nbsp;El seu \u00fanic desig \u00e9s poder utilitzar una s\u00e8rie de serveis pagant el preu, que en aquests casos \u00e9s la cessi\u00f3 del dret a utilitzar les seves dades personals que pertanyen a l&#8217;esfera privada de l&#8217;individu.<\/p>\n\n\n\n<p>Per tant, la cessi\u00f3 de dades no constitueix una activitat econ\u00f2mica ni \u00e9s una prestaci\u00f3 de serveis gravada, la qual cosa comporta que faci fallida un dels elements necessaris per considerar que hi ha fet imposable en l&#8217;impost: que el servei es presti per un empresari o professional actuant com a tal.<\/p>\n\n\n\n<p>Cal entendre que una prestaci\u00f3 de serveis nom\u00e9s \u00e9s imposable si hi ha una relaci\u00f3 directa entre el servei prestat i la contraprestaci\u00f3 rebuda, de la qual cosa es dedueix que aquesta nom\u00e9s es realitza a t\u00edtol oner\u00f3s i, per tant, nom\u00e9s \u00e9s imposable si existeix entre qui efectua la prestaci\u00f3 i el seu destinatari una relaci\u00f3 jur\u00eddica en el marc de la qual s&#8217;intercanvien prestacions rec\u00edproques i la retribuci\u00f3 percebuda per qui efectua la prestaci\u00f3 constitueix el contravalor efectiu del servei prestat al destinatari (&nbsp;<a href=\"https:\/\/translate.google.com\/website?sl=es&amp;tl=ca&amp;u=https:\/\/online.elderecho.com\/seleccionProducto.do?nref%3D7ca36c3%26producto_inicial%3DA\">TJUE 3-3-94, assumpte Tolsma C-16\/93<\/a>&nbsp;) .<\/p>\n\n\n\n<p>En lintercanvi de serveis electr\u00f2nics a canvi de la cessi\u00f3 de dades, els serveis s\u00f3n prestats als usuaris amb independ\u00e8ncia de la quantitat de dades que proporcionin o la seva qualitat.&nbsp;No hi ha diferents nivells de servei en funci\u00f3 de les dades aportades, ni tampoc obligaci\u00f3 d&#8217;aportar una determinada quantitat en un per\u00edode de temps, per romandre connectat al servei.<\/p>\n\n\n\n<p>Per tant, no hi hauria una relaci\u00f3 directa entre la prestaci\u00f3 de serveis electr\u00f2nics sense contraprestaci\u00f3 monet\u00e0ria i la contraprestaci\u00f3 rebuda en forma de dades personals.&nbsp;Aix\u00f2 comporta, que no es pugui qualificar com una operaci\u00f3 efectuada mitjan\u00e7ant contraprestaci\u00f3.<\/p>\n","protected":false},"excerpt":{"rendered":"<p>La DGT declara que no hi ha fet imposable de l&#8217;IVA en la prestaci\u00f3 de serveis que es presten als usuaris d&#8217;una xarxa social a&#8230;<\/p>\n","protected":false},"author":2,"featured_media":0,"comment_status":"closed","ping_status":"open","sticky":false,"template":"","format":"standard","meta":[],"categories":[14],"acf":[],"_links":{"self":[{"href":"https:\/\/www.btsasociados.com\/ca\/wp-json\/wp\/v2\/posts\/4168"}],"collection":[{"href":"https:\/\/www.btsasociados.com\/ca\/wp-json\/wp\/v2\/posts"}],"about":[{"href":"https:\/\/www.btsasociados.com\/ca\/wp-json\/wp\/v2\/types\/post"}],"author":[{"embeddable":true,"href":"https:\/\/www.btsasociados.com\/ca\/wp-json\/wp\/v2\/users\/2"}],"replies":[{"embeddable":true,"href":"https:\/\/www.btsasociados.com\/ca\/wp-json\/wp\/v2\/comments?post=4168"}],"version-history":[{"count":0,"href":"https:\/\/www.btsasociados.com\/ca\/wp-json\/wp\/v2\/posts\/4168\/revisions"}],"wp:attachment":[{"href":"https:\/\/www.btsasociados.com\/ca\/wp-json\/wp\/v2\/media?parent=4168"}],"wp:term":[{"taxonomy":"category","embeddable":true,"href":"https:\/\/www.btsasociados.com\/ca\/wp-json\/wp\/v2\/categories?post=4168"}],"curies":[{"name":"wp","href":"https:\/\/api.w.org\/{rel}","templated":true}]}}