{"id":4036,"date":"2021-11-17T16:11:06","date_gmt":"2021-11-17T15:11:06","guid":{"rendered":"http:\/\/www.btsasociados.com\/?p=4036"},"modified":"2024-01-18T15:37:33","modified_gmt":"2024-01-18T14:37:33","slug":"mexic-exposa-el-paquet-financer-2022","status":"publish","type":"post","link":"https:\/\/www.btsasociados.com\/ca\/mexic-exposa-el-paquet-financer-2022\/","title":{"rendered":"M\u00e8xic exposa el Paquet Financer 2022"},"content":{"rendered":"\n<p><strong>El passat 8 de setembre del 2021, la Secretaria d&#8217;Hisenda i Cr\u00e8dit P\u00fablic va presentar davant la Cambra de Diputats el denominat Paquet Econ\u00f2mic per al 2022. El pla inclou diverses iniciatives que se sotmetran a discussi\u00f3 i aprovaci\u00f3 legislativa pel Congr\u00e9s de la Uni\u00f3. Entre aquestes, destaca la iniciativa per reformar, addicionar i derogar diverses disposicions de la Llei de l&#8217;impost sobre la renda, la Llei de l&#8217;impost al valor afegit, la Llei de l&#8217;impost sobre producci\u00f3 i serveis, el Codi fiscal de la Federaci\u00f3 i la Llei federal de l&#8217;Impost sobre Autom\u00f2bils Nous, amb l&#8217;objectiu de combatre les pr\u00e0ctiques que han estat qualificades com a fiscalment evasives, aix\u00ed com per incrementar la recaptaci\u00f3 sense la creaci\u00f3 o augment d&#8217;impostos.<\/strong><\/p>\n\n\n\n<p>Entre les propostes m\u00e9s destacades en aquest \u00e0mbit, cal destacar les seg\u00fcents:<\/p>\n\n\n\n<p><strong>En mat\u00e8ria de l&#8217;ISR:<\/strong><\/p>\n\n\n\n<ul>\n<li>En endavant la &#8220;ra\u00f3 de negocis&#8221; ser\u00e0 un requisit fonamental per tenir acc\u00e9s a diversos beneficis fiscals, com ara l&#8217;alienaci\u00f3 d&#8217;accions &#8220;a cost fiscal&#8221;, el diferiment del pagament de l&#8217;ISR derivat de reestructuracions i en el cas de fusions i escissions .<\/li>\n\n\n\n<li>Es proposen nous requisits per a la representaci\u00f3 legal destrangers, deducci\u00f3 dinteressos dacord amb les regles de capitalitzaci\u00f3 prima i la deducci\u00f3 de cr\u00e8dits incobrables, aix\u00ed com noves limitacions per amortitzar p\u00e8rdues fiscals en fusions i escissions.<\/li>\n\n\n\n<li>En mat\u00e8ria de comptes incobrables, es proposa que la dedu\u00efbilitat d&#8217;aquests no es pugui fer fins que s&#8217;hagin esgotat els procediments legals i judicials corresponents i se n&#8217;obtingui una resoluci\u00f3 favorable.<\/li>\n\n\n\n<li>En mat\u00e8ria de preus de transfer\u00e8ncia, es preveu l&#8217;eliminaci\u00f3 de l&#8217;aplicaci\u00f3 d&#8217;APAS per a maquiladores, deixant el \u201csafe harbor\u201d com a \u00fanic instrument aplicable en aquests casos.<\/li>\n\n\n\n<li>Es proposa tamb\u00e9 la inclusi\u00f3 de nous r\u00e8gims simplificats anomenats \u201cde confian\u00e7a\u201d, un per a persones morals que obtinguin ingressos anuals de fins a 35 milions de pesos, perqu\u00e8 tributin d&#8217;acord amb flux d&#8217;efectiu, i un altre per a persones f\u00edsiques amb ingressos anuals de fins a 3.5 milions de pesos, que tributarien d&#8217;acord amb taxes fixes progressives calculades sobre els seus ingressos, substituint amb aix\u00f2 el RIF.<\/li>\n\n\n\n<li>Aix\u00ed mateix, es proposa considerar com a ingr\u00e9s acumulable, el valor del dret d&#8217;usdefruit que es determini a l&#8217;avaluaci\u00f3 que s&#8217;haur\u00e0 de practicar en el moment de consolidar la nua propietat i l&#8217;usdefruit d&#8217;un b\u00e9. En aquests casos, els notaris, els jutges i la resta de fedataris han d&#8217;informar l&#8217;autoritat fiscal sobre els detalls de la transacci\u00f3.<\/li>\n\n\n\n<li>D&#8217;altra banda, es preveu disminuir la taxa de depreciaci\u00f3 anual dels actius fixos relacionats amb les construccions que es facin en lots miners, i en queda el 5%.<\/li>\n<\/ul>\n\n\n\n<p><strong>En mat\u00e8ria de l&#8217;Impost al Valor Agregat:<\/strong><\/p>\n\n\n\n<ul>\n<li>En el cas de contribuents que realitzen activitats no objecte de la Llei de l&#8217;IVA es proposa que aquests no puguin acreditar l&#8217;impost pagat a prove\u00efdors oa la importaci\u00f3 de b\u00e9ns, quan estiguin relacionats amb aquestes activitats.<\/li>\n\n\n\n<li>Es proposa establir com a requisit per a l&#8217;IVA acreditable generat en per\u00edodes preoperatius, informar les autoritats fiscals el mes en qu\u00e8 s&#8217;inicien aquestes activitats.<\/li>\n\n\n\n<li>D&#8217;altra banda, es proposa definir que la concessi\u00f3 d&#8217;\u00fas o gaudi temporal d&#8217;un b\u00e9 tangible es considera realitzada en territori nacional quan el seu \u00fas o gaudi es produeixi en aquest territori, amb independ\u00e8ncia del lloc de lliurament material o de la celebraci\u00f3 de l&#8217;acte que li doni origen.<\/li>\n<\/ul>\n\n\n\n<p><\/p>\n\n\n\n<p><strong>Codi Fiscal de la Federaci\u00f3:<\/strong><\/p>\n\n\n\n<ul>\n<li>Es proposa afegir nous sup\u00f2sits d&#8217;alienaci\u00f3 al cas de fusions i escissions.<\/li>\n\n\n\n<li>Es preveu reincorporar l&#8217;obligaci\u00f3 de dictaminar els estats financers a contribuents amb ingressos majors a 1.637,320.540,00 de pesos.<\/li>\n\n\n\n<li>Es limita la migraci\u00f3 de resid\u00e8ncia fiscal a jurisdiccions de baixa imposici\u00f3.<\/li>\n\n\n\n<li>Es proposa afegir un nou sup\u00f2sit per a la suspensi\u00f3 dels terminis de caducitat perqu\u00e8 les autoritats fiscals determinin obligacions.<\/li>\n\n\n\n<li>Aix\u00ed mateix, es proposen diversos ajustaments i nous requisits per a l&#8217;emissi\u00f3 de CFDIs, presentaci\u00f3 d&#8217;avisos de canvi de socis o accionistes, per a l&#8217;av\u00eds de cancel\u00b7laci\u00f3 davant del RFC i en relaci\u00f3 amb el mateix procediment per cancel\u00b7lar CFDIs.<\/li>\n\n\n\n<li>S&#8217;hi afegeixen nous sup\u00f2sits de responsabilitat solid\u00e0ria.<\/li>\n\n\n\n<li>Es proposa que quan se sol\u00b7licite un procediment dacord mutu previst en tractats internacionals, shaur\u00e0 de garantir linter\u00e8s fiscal.<\/li>\n\n\n\n<li>Destaca finalment tamb\u00e9 la proposta per establir un nou termini l\u00edmit de 12 mesos per celebrar acords conclusius, aix\u00ed com nous controls i sancions per a les activitats relacionades amb el sector d&#8217;hidrocarburs.<\/li>\n<\/ul>\n\n\n\n<p>Cal recordar que aquestes reformes hauran de ser discutides i aprovades tant per la Cambra de Diputats com per la de Senadors perqu\u00e8, una vegada aprovades, tornin al Poder Executiu Federal per a la seva promulgaci\u00f3 i publicaci\u00f3 al Diari Oficial de la Federaci\u00f3.<\/p>\n","protected":false},"excerpt":{"rendered":"<p>El passat 8 de setembre del 2021, la Secretaria d&#8217;Hisenda i Cr\u00e8dit P\u00fablic va presentar davant la Cambra de Diputats el denominat Paquet Econ\u00f2mic per&#8230;<\/p>\n","protected":false},"author":2,"featured_media":0,"comment_status":"closed","ping_status":"open","sticky":false,"template":"","format":"standard","meta":[],"categories":[14],"acf":[],"_links":{"self":[{"href":"https:\/\/www.btsasociados.com\/ca\/wp-json\/wp\/v2\/posts\/4036"}],"collection":[{"href":"https:\/\/www.btsasociados.com\/ca\/wp-json\/wp\/v2\/posts"}],"about":[{"href":"https:\/\/www.btsasociados.com\/ca\/wp-json\/wp\/v2\/types\/post"}],"author":[{"embeddable":true,"href":"https:\/\/www.btsasociados.com\/ca\/wp-json\/wp\/v2\/users\/2"}],"replies":[{"embeddable":true,"href":"https:\/\/www.btsasociados.com\/ca\/wp-json\/wp\/v2\/comments?post=4036"}],"version-history":[{"count":1,"href":"https:\/\/www.btsasociados.com\/ca\/wp-json\/wp\/v2\/posts\/4036\/revisions"}],"predecessor-version":[{"id":5706,"href":"https:\/\/www.btsasociados.com\/ca\/wp-json\/wp\/v2\/posts\/4036\/revisions\/5706"}],"wp:attachment":[{"href":"https:\/\/www.btsasociados.com\/ca\/wp-json\/wp\/v2\/media?parent=4036"}],"wp:term":[{"taxonomy":"category","embeddable":true,"href":"https:\/\/www.btsasociados.com\/ca\/wp-json\/wp\/v2\/categories?post=4036"}],"curies":[{"name":"wp","href":"https:\/\/api.w.org\/{rel}","templated":true}]}}