{"id":3863,"date":"2021-07-15T16:27:46","date_gmt":"2021-07-15T15:27:46","guid":{"rendered":"http:\/\/www.btsasociados.com\/?p=3863"},"modified":"2021-07-15T16:27:47","modified_gmt":"2021-07-15T15:27:47","slug":"el-text-refos-de-la-llei-concursal-no-deroga-les-mesures-concursals-aprovades-en-ocasio-de-la-crisi-de-lcovid-19","status":"publish","type":"post","link":"https:\/\/www.btsasociados.com\/ca\/el-text-refos-de-la-llei-concursal-no-deroga-les-mesures-concursals-aprovades-en-ocasio-de-la-crisi-de-lcovid-19\/","title":{"rendered":"El text ref\u00f3s de la Llei Concursal no deroga les mesures concursals aprovades en ocasi\u00f3 de la crisi de l&#8217;COVID-19"},"content":{"rendered":"\n<ul><li><em>Recollim a continuaci\u00f3 les principals novetats que presenta el Text ref\u00f3s de la Llei Concursal (TRLConc), publicat al BOE de l&#8217;7 de maig de 2020 i que entrar\u00e0 en vigor el proper mes de setembre, pel que fa a la Llei concursal actual.<\/em><\/li><\/ul>\n\n\n\n<p>La prohibici\u00f3 de realitzar acomiadaments durant els sis mesos posteriors a l&#8217;30 de juny (\u00e9s a dir, durant el segon semestre del present any) per part de les empreses que en aquesta data finalitzin la seva Expedient de Regulaci\u00f3 Temporal d&#8217;Ocupaci\u00f3 (ERTO) tramitat per for\u00e7a major com a conseq\u00fc\u00e8ncia de l&#8217;COVID-19 i que suposin suspensions de contracte o reduccions de jornada \u00abno \u00e9s aplicable el comprom\u00eds de manteniment de l&#8217;ocupaci\u00f3 en aquelles empreses en qu\u00e8 concorri un risc de concurs de creditors en els termes de l&#8217;article 5.2 de la Llei Concursal \u00bb. Estableix aquest precepte que &#8220;excepte prova en contra, es presumir\u00e0 que el deutor ha conegut el seu estat d&#8217;insolv\u00e8ncia quan hagi esdevingut algun dels fets que poden servir de fonament a una sol\u00b7licitud de concurs necessari &#8230;&#8221;<\/p>\n\n\n\n<p>Aix\u00ed ho estableix l&#8217;acord signat per Govern, patronal i sindicats sobre la prolongaci\u00f3 dels Erde fins al proper 30 de juny, quedant per tant la seva finalitzaci\u00f3 desvinculada de l&#8217;aixecament de l&#8217;estat d&#8217;alarma. \u00c9s de suposar per tant que a partir d&#8217;aquesta data, es produir\u00e0 una onada de preconcursos de creditors, pel que cobra m\u00e9s inter\u00e8s con\u00e8ixer el&nbsp;<a href=\"javascript:Redirection('LE0000664780_Vigente.HTML');?_x_tr_sl=es&amp;_x_tr_tl=ca&amp;_x_tr_hl=es&amp;_x_tr_pto=ajax,elem&amp;_x_tr_sch=http\">Text ref\u00f3s de la Llei Concursal<\/a>&nbsp;(TRLConc), aprovat mitjan\u00e7ant el Reial Decret Legislatiu 1\/2020 de 5 de maig i publicat al BOE de el passat 7 de maig de 2020.<\/p>\n\n\n\n<p>Tanmateix, la&nbsp;<a href=\"javascript:Redirection('LE0000664780_Vigente.HTML?_x_tr_sl=es&amp;_x_tr_tl=ca&amp;_x_tr_hl=es&amp;_x_tr_pto=ajax,elem&amp;_x_tr_sch=http#I81');\">Disposici\u00f3 final segona de l&#8217;TRLConc<\/a>&nbsp;estableix que aquest text legislatiu no entrar\u00e0 en vigor fins al pr\u00f2xim 1 de setembre, \u00e9s a dir, un mes despr\u00e9s que decaiguin els ERTE i comencin moltes empreses a presentar el preconcurs de creditors durant el termini de tres mesos que l&#8217;empresa t\u00e9 per renegociar amb els seus creditors un acord de finan\u00e7ament abans de presentar al jutjat la sol\u00b7licitud de declaraci\u00f3 definitiva de concurs.<\/p>\n\n\n\n<p>Cal tenir en present a m\u00e9s que el&nbsp;<a href=\"javascript:Redirection('LE0000664780_Vigente.HTML');?_x_tr_sl=es&amp;_x_tr_tl=ca&amp;_x_tr_hl=es&amp;_x_tr_pto=ajax,elem&amp;_x_tr_sch=http\">TRLConc<\/a>&nbsp;no suposa la derogaci\u00f3 de les mesures concursals urgents que s&#8217;han aprovat en ocasi\u00f3 de la crisi de l&#8217;COVID-19, com estableix l&#8217;&nbsp;<a href=\"javascript:Redirection('LE0000664345_Vigente.HTML');?_x_tr_sl=es&amp;_x_tr_tl=ca&amp;_x_tr_hl=es&amp;_x_tr_pto=ajax,elem&amp;_x_tr_sch=http\">Reial decret llei 16\/2020, de 28 d&#8217;abril<\/a>&nbsp;, de mesures processals i organitzatives per fer front a l&#8217;COVID-19 en l&#8217;\u00e0mbit de l&#8217;Administraci\u00f3 de Just\u00edcia, per la qual cosa temporalment conviuran les dues normes.<\/p>\n\n\n\n<p>A l&#8217;marge de la influ\u00e8ncia que pugui tenir el nou&nbsp;<a href=\"javascript:Redirection('LE0000664780_Vigente.HTML');?_x_tr_sl=es&amp;_x_tr_tl=ca&amp;_x_tr_hl=es&amp;_x_tr_pto=ajax,elem&amp;_x_tr_sch=http\">TRLConc<\/a>&nbsp;en la possibilitat de realitzar acomiadaments les empreses avui sotmeses a un ERTO relacionat amb la crisi sanit\u00e0ria, el&nbsp;<a href=\"javascript:Redirection('LE0000664780_Vigente.HTML');?_x_tr_sl=es&amp;_x_tr_tl=ca&amp;_x_tr_hl=es&amp;_x_tr_pto=ajax,elem&amp;_x_tr_sch=http\">nou text ref\u00f3s de la Llei concursal<\/a>&nbsp;presenta novetats enfront de la&nbsp;<a href=\"javascript:Redirection('LE0000190774_Vigente.HTML');?_x_tr_sl=es&amp;_x_tr_tl=ca&amp;_x_tr_hl=es&amp;_x_tr_pto=ajax,elem&amp;_x_tr_sch=http\">Llei 22\/2003, de 9 de juliol, concursal<\/a>&nbsp;, destacant les seg\u00fcents:<\/p>\n\n\n\n<p>&#8211; A la&nbsp;<strong>declaraci\u00f3 de concurs<\/strong>&nbsp;es modifica l&#8217;actual criteri que permet la consolidaci\u00f3 d&#8217;inventaris i llistes de creditors en concursos declarats conjuntament o acumulats quan hi hagi confusi\u00f3 de patrimonis nom\u00e9s als efectes d&#8217;elaborar l&#8217;informe de l&#8217;administraci\u00f3 concursal i se substitueix per la facultat del jutge d&#8217;acordar excepcionalment la consolidaci\u00f3 de masses d&#8217;aquests concursos.<\/p>\n\n\n\n<p>&#8211;&nbsp;<strong>S&#8217;amplia la compet\u00e8ncia del jutge de l&#8217;concurs<\/strong>&nbsp;per con\u00e8ixer accions de responsabilitat contra administradors o liquidadors, quan aquestes es dirigeixin contra la persona natural representant d&#8217;administrador persona jur\u00eddica i aquella que tingui atribu\u00efdes facultats de m\u00e9s alta direcci\u00f3 quan no hi hagi delegaci\u00f3 permanent de facultats. S&#8217;introdueix a m\u00e9s la facultat del jutge mercantil per a la declaraci\u00f3 conjunta o acumulaci\u00f3 de concursos de persona natural no empresari, de persona natural empresari o persona jur\u00eddica.<\/p>\n\n\n\n<p>&#8211; Pel que fa als&nbsp;<strong>efectes de la declaraci\u00f3 de concurs<\/strong>&nbsp;s&#8217;estableix que el pagament fet a l&#8217;concursat alliberar\u00e0 el deutor (sense necessitat de convalidaci\u00f3 per part de l&#8217;administraci\u00f3 concursal) si, a el temps d&#8217;efectuar la prestaci\u00f3, el deutor desconeixia la declaraci\u00f3 de concurs, presumint tal coneixement des de la publicaci\u00f3 de la declaraci\u00f3 de concurs en el BOE. S&#8217;incorpora d&#8217;altra banda la sanci\u00f3 de nul\u00b7litat a les actuacions que contravinguin la suspensi\u00f3 d&#8217;actuacions i de procediments d&#8217;execuci\u00f3 contra els b\u00e9ns de la massa activa.<\/p>\n\n\n\n<p>&#8211; S&#8217;inclou el&nbsp;<strong>concepte d&#8217;unitat productiva<\/strong>&nbsp;, que es defineix com el conjunt de mitjans organitzats per l&#8217;exercici d&#8217;una activitat econ\u00f2mica essencial o access\u00f2ria.&nbsp;En la venda d&#8217;unitat productiva, la compet\u00e8ncia per declarar l&#8217;exist\u00e8ncia de successi\u00f3 d&#8217;empresa i determinar-ne els efectes sobre cr\u00e8dits pendents de pagament correspon en exclusiva a jutge de l&#8217;concurs.<\/p>\n\n\n\n<p>&#8211; En l&#8217;&nbsp;<strong>informe de l&#8217;administraci\u00f3 concursal<\/strong>&nbsp;s&#8217;amplien els sup\u00f2sits en els quals cal la modificaci\u00f3 de la llista definitiva de creditors, podent modificar-se en aquells casos en els que s&#8217;estimen recursos interposats contra resolucions del jutge de l&#8217;concurs en incidents d&#8217;impugnaci\u00f3 de la llista de creditors.<\/p>\n\n\n\n<p>&#8211; A l&#8217;aprovar&nbsp;<strong>el conveni<\/strong>&nbsp;, s&#8217;estableix que el jutge no podr\u00e0 modificar el seu contingut excepte per a esmenar errors materials o de c\u00e0lcul, o per interpretar correctament alguna de les seves cl\u00e0usules. A m\u00e9s, la sent\u00e8ncia ha d&#8217;incloure el text \u00edntegre de l&#8217;conveni aprovat. A m\u00e9s, el contingut de l&#8217;conveni vincular\u00e0 al deutor i creditors ordinaris els cr\u00e8dits fossin anteriors a el concurs, encara que no s&#8217;haguessin adherit a la proposta de conveni o votat a favor d&#8217;ella, tal com estableix la sent\u00e8ncia de la Sala Primera de l&#8217;Tribunal Suprem de 4 de novembre de 2016.<\/p>\n\n\n\n<p>&#8211; En l&#8217;elaboraci\u00f3 d&#8217;el&nbsp;<strong>pla de liquidaci\u00f3<\/strong>&nbsp;es tindr\u00e0 en compte no nom\u00e9s l&#8217;inter\u00e8s de l&#8217;concurs, sin\u00f3 tamb\u00e9 la m\u00e9s adequada satisfacci\u00f3 dels creditors. A m\u00e9s, l&#8217;administraci\u00f3 concursal pot sol\u00b7licitar a jutge en qualsevol moment la modificaci\u00f3 de el pla de liquidaci\u00f3 aprovat si ho creu convenient per a l&#8217;inter\u00e8s de l&#8217;concurs i la m\u00e9s r\u00e0pida satisfacci\u00f3 dels creditors.<\/p>\n\n\n\n<p>&#8211; Nom\u00e9s l&#8217;administraci\u00f3 concursal i a l&#8217;ministeri fiscal tenen la facultat de proposar la&nbsp;<strong>qualificaci\u00f3 de l&#8217;concurs<\/strong>&nbsp;, de manera que creditors i altres interessats \u00fanicament podran al\u00b7legar per escrit el que considerin rellevant perqu\u00e8 aquests puguin fundar la qualificaci\u00f3 com a culpable. En la sent\u00e8ncia de qualificaci\u00f3 de la qual resulti una pluralitat de condemnats, el jutge pot establir el car\u00e0cter solidari o no entre ells, segons la doctrina de la sent\u00e8ncia de la Sala Primera de l&#8217;Tribunal Suprem de 6 de mar\u00e7 de el 2019.<\/p>\n\n\n\n<p>&#8211; En el seu&nbsp;<strong>informe de rendici\u00f3 de comptes<\/strong>&nbsp;, l&#8217;administraci\u00f3 concursal tamb\u00e9 ha d&#8217;expressar la retribuci\u00f3 que s&#8217;hagu\u00e9s fixat per a cada fase de l&#8217;concurs i les quantitats finalment percebudes per ella, els seus treballadors, auxiliars delegats, experts taxadors i entitats especialitzades, i detallar\u00e0 les hores dedicades a el concurs per totes aquestes persones.<\/p>\n\n\n\n<p>&#8211; Els&nbsp;<strong>acords de refinan\u00e7ament<\/strong>&nbsp;han de respondre a un pla de viabilitat que permeti la continu\u00eftat professional o empresarial el deutor a curt i mig termini i, de cara a l&#8217;c\u00f2mput de la majoria de l&#8217;passiu financer, els creditors amb garantia real s&#8217;identifiquen amb els creditors amb privilegi especial.&nbsp;S&#8217;estableix, d&#8217;altra banda, que la compet\u00e8ncia per a l&#8217;homologaci\u00f3 d&#8217;un acord de refinan\u00e7ament del grup o subgrup correspon a el jutge que sigui competent per a la declaraci\u00f3 de concurs de la societat dominant, o, si aquest no ha subscrit l&#8217;acord, el d&#8217; la societat de grup amb major passiu financer que participi en l&#8217;acord.<\/p>\n","protected":false},"excerpt":{"rendered":"<p>Recollim a continuaci\u00f3 les principals novetats que presenta el Text ref\u00f3s de la Llei Concursal (TRLConc), publicat al BOE de l&#8217;7 de maig de 2020&#8230;<\/p>\n","protected":false},"author":2,"featured_media":0,"comment_status":"closed","ping_status":"open","sticky":false,"template":"","format":"standard","meta":[],"categories":[15],"acf":[],"_links":{"self":[{"href":"https:\/\/www.btsasociados.com\/ca\/wp-json\/wp\/v2\/posts\/3863"}],"collection":[{"href":"https:\/\/www.btsasociados.com\/ca\/wp-json\/wp\/v2\/posts"}],"about":[{"href":"https:\/\/www.btsasociados.com\/ca\/wp-json\/wp\/v2\/types\/post"}],"author":[{"embeddable":true,"href":"https:\/\/www.btsasociados.com\/ca\/wp-json\/wp\/v2\/users\/2"}],"replies":[{"embeddable":true,"href":"https:\/\/www.btsasociados.com\/ca\/wp-json\/wp\/v2\/comments?post=3863"}],"version-history":[{"count":0,"href":"https:\/\/www.btsasociados.com\/ca\/wp-json\/wp\/v2\/posts\/3863\/revisions"}],"wp:attachment":[{"href":"https:\/\/www.btsasociados.com\/ca\/wp-json\/wp\/v2\/media?parent=3863"}],"wp:term":[{"taxonomy":"category","embeddable":true,"href":"https:\/\/www.btsasociados.com\/ca\/wp-json\/wp\/v2\/categories?post=3863"}],"curies":[{"name":"wp","href":"https:\/\/api.w.org\/{rel}","templated":true}]}}