{"id":3781,"date":"2021-06-28T15:38:57","date_gmt":"2021-06-28T14:38:57","guid":{"rendered":"http:\/\/www.btsasociados.com\/?p=3781"},"modified":"2021-06-28T15:38:58","modified_gmt":"2021-06-28T14:38:58","slug":"brusselles-autoritza-a-espanya-el-nou-marc-per-donar-ajudes-directes","status":"publish","type":"post","link":"https:\/\/www.btsasociados.com\/ca\/brusselles-autoritza-a-espanya-el-nou-marc-per-donar-ajudes-directes\/","title":{"rendered":"Brussel\u00b7les autoritza a Espanya el nou marc per donar ajudes directes"},"content":{"rendered":"\n<p><strong>Economia mant\u00e9 el seu pla perqu\u00e8 la banca assumeixi la seva part de les lleves en els cr\u00e8dits ICO<\/strong><\/p>\n\n\n\n<p>La Comissi\u00f3 Europea (CE) ha aprovat la modificaci\u00f3 de l&#8217;actual esquema espanyol per donar suport a el teixit industrial, sobretot a les pimes, despr\u00e9s de la crisi econ\u00f2mica provocada pel coronavirus. Espanya va sol\u00b7licitar a Brussel\u00b7les perm\u00eds per canviar aquest marc el passat 5 de febrer.<br>D&#8217;aquesta manera, la Comissi\u00f3 considera que la petici\u00f3 de Govern de Pedro S\u00e1nchez est\u00e0 d&#8217;acord amb el marc temporal d&#8217;ajudes estatals de la UE. Ara l&#8217;Executiu modificar\u00e0 el marc legal existent per impulsar ajudes directes a aut\u00f2noms i empreses afectats per la pand\u00e8mia.<\/p>\n\n\n\n<p>El Govern, aix\u00ed, podr\u00e0 modificar el marc de l&#8217;ICO per poder dur a terme reestructuracions i quitances en els cr\u00e8dits avalats per aquest institut, fins ara impossible de dur a terme al no comptar amb les eines necess\u00e0ries.&nbsp;A m\u00e9s, posar\u00e0 en marxa subvencions directes, avantatges fiscals i de pagament, bestretes reemborsables, garanties i pr\u00e9stecs participatius, tot amb l&#8217;objectiu de salvar les petites i mitjanes empreses i als aut\u00f2noms, els m\u00e9s castigats per la pand\u00e8mia, encara que la mesura inclou a totes les empreses sigui quina sigui la seva grand\u00e0ria.<\/p>\n\n\n\n<p>El seu objectiu \u00e9s proporcionar liquiditat i ajudar a recuperar la solv\u00e8ncia de les empreses que estan experimentant un descens en la facturaci\u00f3 de al menys el 30% com a conseq\u00fc\u00e8ncia de l&#8217;Covid.&nbsp;Aix\u00f2 s\u00ed, els ajuts es concediran abans de finals d&#8217;aquest exercici.<\/p>\n\n\n\n<p>La idea de Govern \u00e9s signar un acord amb la banca, canalitzador de gran part d&#8217;aquests ajuts la setmana que a trav\u00e9s d&#8217;un codi de bones pr\u00e0ctiques, com ja es va fer en 2012, encara que aquesta f\u00f3rmula no \u00e9s definitiva i el text podria adoptar una altra f\u00f3rmula.<\/p>\n\n\n\n<p>El problema \u00e9s que el Govern urgeix a la banca per arribar a un acord el m\u00e9s r\u00e0pid possible davant la situaci\u00f3 de milers de micropimes, i reclama que entre el 20% a l&#8217;30% dels cr\u00e8dits ICO en dificultat de pagament sigui cobert pels bancs a trav\u00e9s d&#8217;lleves, via a la qual s&#8217;oposa el sector.<\/p>\n\n\n\n<p>Els bancs s\u00f3n partidaris de buscar abans altres alternatives per evitar que aquestes lleves augmentin la seva morositat, i que nom\u00e9s es benefici\u00efn les pimes amb cr\u00e8dits ICO.&nbsp;Busquen temps per negociar amb les empreses, per\u00f2 Economia considera que les lleves, aprovades per Brussel\u00b7les, \u00e9s una de les solucions m\u00e9s r\u00e0pides per alleujar el pagament d&#8217;un cr\u00e8dits per a una petita empresa.<\/p>\n","protected":false},"excerpt":{"rendered":"<p>Economia mant\u00e9 el seu pla perqu\u00e8 la banca assumeixi la seva part de les lleves en els cr\u00e8dits ICO La Comissi\u00f3 Europea (CE) ha aprovat&#8230;<\/p>\n","protected":false},"author":2,"featured_media":0,"comment_status":"closed","ping_status":"open","sticky":false,"template":"","format":"standard","meta":[],"categories":[14],"acf":[],"_links":{"self":[{"href":"https:\/\/www.btsasociados.com\/ca\/wp-json\/wp\/v2\/posts\/3781"}],"collection":[{"href":"https:\/\/www.btsasociados.com\/ca\/wp-json\/wp\/v2\/posts"}],"about":[{"href":"https:\/\/www.btsasociados.com\/ca\/wp-json\/wp\/v2\/types\/post"}],"author":[{"embeddable":true,"href":"https:\/\/www.btsasociados.com\/ca\/wp-json\/wp\/v2\/users\/2"}],"replies":[{"embeddable":true,"href":"https:\/\/www.btsasociados.com\/ca\/wp-json\/wp\/v2\/comments?post=3781"}],"version-history":[{"count":0,"href":"https:\/\/www.btsasociados.com\/ca\/wp-json\/wp\/v2\/posts\/3781\/revisions"}],"wp:attachment":[{"href":"https:\/\/www.btsasociados.com\/ca\/wp-json\/wp\/v2\/media?parent=3781"}],"wp:term":[{"taxonomy":"category","embeddable":true,"href":"https:\/\/www.btsasociados.com\/ca\/wp-json\/wp\/v2\/categories?post=3781"}],"curies":[{"name":"wp","href":"https:\/\/api.w.org\/{rel}","templated":true}]}}