{"id":3424,"date":"2021-02-09T17:51:23","date_gmt":"2021-02-09T16:51:23","guid":{"rendered":"http:\/\/www.btsasociados.com\/?p=3424"},"modified":"2021-02-09T17:51:25","modified_gmt":"2021-02-09T16:51:25","slug":"baixa-de-soci-cooperativista-amb-devolucio-de-capital-tributacio","status":"publish","type":"post","link":"https:\/\/www.btsasociados.com\/ca\/baixa-de-soci-cooperativista-amb-devolucio-de-capital-tributacio\/","title":{"rendered":"Baixa de soci cooperativista amb devoluci\u00f3 de capital: Tributaci\u00f3"},"content":{"rendered":"\n<h4>Assenyala la DGT que la reducci\u00f3 de capital d&#8217;una cooperativa derivada de la baixa d&#8217;un dels cooperativistes amb devoluci\u00f3 de les seves aportacions, constitueix fet imposable de la modalitat d&#8217;operacions societ\u00e0ries, amb el que el soci haur\u00e0 de procedir a presentar el model 600, o el que, si s&#8217;escau, hagi establert la referida comunitat en virtut de les seves compet\u00e8ncies normatives.<\/h4>\n\n\n\n<p>Un soci d&#8217;una cooperativa pret\u00e9n donar-se de baixa de la mateixa i exercir el seu dret a la devoluci\u00f3 de les aportacions a l&#8217;capital social, tant les obligat\u00f2ries per adquirir la condici\u00f3 de soci com les volunt\u00e0ries, sense que de la referida operaci\u00f3 es deriva cap increment patrimonial per al soci. Pel que fa a la reducci\u00f3 de capital que t\u00e9 lloc a l&#8217;produir-se la baixa de l&#8217;soci i retornar-\u00edntegrament la seva aportaci\u00f3 obligat\u00f2ria a el capital social, planteja tres q\u00fcestions que s\u00f3n contestades per la Direcci\u00f3 General.<\/p>\n\n\n\n<p><strong>Est\u00e0 subjecta aquesta reducci\u00f3 de capital a ITP i AJD i, si \u00e9s aix\u00ed qui est\u00e0 subjecte, si el soci o la societat?<\/strong><\/p>\n\n\n\n<p>Considera la DGT en la seva contestaci\u00f3 que la constituci\u00f3 de societats, l&#8217;augment i disminuci\u00f3 del seu capital social i la dissoluci\u00f3 de societats s\u00f3n operacions societ\u00e0ries subjectes a l&#8217;ITP i AJD, de manera que la societat, est\u00e0 obligada a el pagament de l&#8217;impost a t\u00edtol de contribuent , en la constituci\u00f3 de societats, augment de capital, trasllat de seu de direcci\u00f3 efectiva o domicili social i aportacions dels socis que no suposin un augment de l&#8217;capital social.<\/p>\n\n\n\n<p>En la dissoluci\u00f3 de societats i reducci\u00f3 de capital social s\u00f3n els socis, copropietaris, comuners o part\u00edcips els obligats pels b\u00e9ns i drets rebuts.<\/p>\n\n\n\n<p>En la Llei 20\/1990, sobre r\u00e8gim fiscal de les cooperatives, es determina un r\u00e8gim de beneficis fiscals, distingint segons es tracti de cooperatives que puguin classificar-se com protegides o especialment protegides.<\/p>\n\n\n\n<p>S\u00f3n considerades com cooperatives protegides, als efectes d&#8217;aquesta Llei, les entitats que, sigui com fos la data de la seva constituci\u00f3, s&#8217;ajustin als principis i disposicions de la Llei General de Cooperatives o de les Lleis de cooperatives de les comunitats aut\u00f2nomes que tinguin compet\u00e8ncia en aquesta mat\u00e8ria i no incorrin en cap de les causes previstes a l&#8217;article 13 de l&#8217;esmentada Llei.<\/p>\n\n\n\n<p>Les cooperatives protegides gaudeixen en l&#8217;ITP i AJD d&#8217;exempci\u00f3 respecte dels actes, contractes i operacions seg\u00fcents:<\/p>\n\n\n\n<p>-Les actes de constituci\u00f3, ampliaci\u00f3 de capital, fusi\u00f3 i escissi\u00f3.<\/p>\n\n\n\n<p>-La constituci\u00f3 i cancel\u00b7laci\u00f3 de pr\u00e9stecs, fins i tot els representats per obligacions.<\/p>\n\n\n\n<p>-Les adquisicions de b\u00e9ns i drets que s&#8217;integrin en el fons d&#8217;educaci\u00f3 i promoci\u00f3 per al compliment dels seus fins (L 20\/1990 art.33.1.a., b. I c.).<\/p>\n\n\n\n<p>La mateixa Llei estableix que es consideraran especialment protegides i podran gaudir dels beneficis tributaris, les cooperatives protegides de primer grau de les classes seg\u00fcents:<\/p>\n\n\n\n<ul><li>Cooperatives de treball associat.<\/li><li>Cooperatives agr\u00e0ries.<\/li><li>Cooperatives d&#8217;explotaci\u00f3 comunit\u00e0ria de la terra.<\/li><li>Cooperatives de la mar.<\/li><li>Cooperatives de consumidors i usuaris.<\/li><\/ul>\n\n\n\n<p>\u200b<\/p>\n\n\n\n<p>Aquestes cooperatives, a m\u00e9s dels beneficis esmentats anteriorment, exempci\u00f3 per a les operacions d&#8217;adquisici\u00f3 de b\u00e9ns i drets destinats directament a l&#8217;acompliment dels seus fins socials i estatutaris.<\/p>\n\n\n\n<p>Per tant, aplicat a aquest cas, la reducci\u00f3 de capital constitueix fet imposable de la modalitat d&#8217;operacions societ\u00e0ries, recaient sobre els socis, pels b\u00e9ns i drets rebuts, la condici\u00f3 d&#8217;obligats a el pagament de l&#8217;impost.<\/p>\n\n\n\n<p><strong>Est\u00e0 exempta la reducci\u00f3 de capital?<\/strong><\/p>\n\n\n\n<p>Respon la DGT que l&#8217;exempci\u00f3 establerta en l&#8217;article 33 de la Llei 20\/1990, de 19 de desembre, sobre R\u00e8gim fiscal de les cooperatives (EDL 1990\/15524), a qu\u00e8 es remet l&#8217;article 45.IB15 de el Text Ref\u00f3s de la ITP i AJD, es refereix exclusivament a determinades operacions societ\u00e0ries en qu\u00e8 la condici\u00f3 de subjecte passiu recau sobre la societat cooperativa, sense aconseguir, per tant, a el sup\u00f2sit que ara s&#8217;examina en el qual la societat redueix capital, sent subjecte passiu el soci i no l&#8217;entitat cooperativa.<\/p>\n\n\n\n<p><strong>\u00c9s necessari que el soci o la societat hagi de presentar un formulari de liquidaci\u00f3 (600).<\/strong><\/p>\n\n\n\n<p>Donada la subjecci\u00f3, sense exempci\u00f3, de l&#8217;operaci\u00f3 plantejada, correspon a l&#8217;soci procedir a l&#8217;autoliquidaci\u00f3 de l&#8217;impost com s&#8217;estableix a l&#8217;article 51 de l&#8217;Text ref\u00f3s de l&#8217;impost i 98.1 i 101.1 del seu Reglament, aprovat per Reial Decret 828\/1995, de maig 29<\/p>\n\n\n\n<p>Per tant, el soci haur\u00e0 de procedir a presentar a la comunitat aut\u00f2noma competent el corresponent model 600 o el que, si s&#8217;escau, hagi establert la referida comunitat en virtut de les seves compet\u00e8ncies normatives.<\/p>\n","protected":false},"excerpt":{"rendered":"<p>Assenyala la DGT que la reducci\u00f3 de capital d&#8217;una cooperativa derivada de la baixa d&#8217;un dels cooperativistes amb devoluci\u00f3 de les seves aportacions, constitueix fet&#8230;<\/p>\n","protected":false},"author":2,"featured_media":0,"comment_status":"closed","ping_status":"open","sticky":false,"template":"","format":"standard","meta":[],"categories":[14],"acf":[],"_links":{"self":[{"href":"https:\/\/www.btsasociados.com\/ca\/wp-json\/wp\/v2\/posts\/3424"}],"collection":[{"href":"https:\/\/www.btsasociados.com\/ca\/wp-json\/wp\/v2\/posts"}],"about":[{"href":"https:\/\/www.btsasociados.com\/ca\/wp-json\/wp\/v2\/types\/post"}],"author":[{"embeddable":true,"href":"https:\/\/www.btsasociados.com\/ca\/wp-json\/wp\/v2\/users\/2"}],"replies":[{"embeddable":true,"href":"https:\/\/www.btsasociados.com\/ca\/wp-json\/wp\/v2\/comments?post=3424"}],"version-history":[{"count":0,"href":"https:\/\/www.btsasociados.com\/ca\/wp-json\/wp\/v2\/posts\/3424\/revisions"}],"wp:attachment":[{"href":"https:\/\/www.btsasociados.com\/ca\/wp-json\/wp\/v2\/media?parent=3424"}],"wp:term":[{"taxonomy":"category","embeddable":true,"href":"https:\/\/www.btsasociados.com\/ca\/wp-json\/wp\/v2\/categories?post=3424"}],"curies":[{"name":"wp","href":"https:\/\/api.w.org\/{rel}","templated":true}]}}