{"id":3412,"date":"2021-02-04T17:42:06","date_gmt":"2021-02-04T16:42:06","guid":{"rendered":"http:\/\/www.btsasociados.com\/?p=3412"},"modified":"2021-02-09T15:02:02","modified_gmt":"2021-02-09T14:02:02","slug":"covid-19-espanya-de-l1-a-el-14-de-juny","status":"publish","type":"post","link":"https:\/\/www.btsasociados.com\/ca\/covid-19-espanya-de-l1-a-el-14-de-juny\/","title":{"rendered":"COVID-19 &#8211; Espanya | De l&#8217;1 a el 14 de juny"},"content":{"rendered":"\n<p><strong>Aquesta quinzena destaquem la formulaci\u00f3 de comptes anuals i l&#8217;Impost sobre Societats, la represa de terminis, els judicis telem\u00e0tics, el retorn gradual als centres de treball, els concursos de creditors i el &#8216;compliance&#8217; penal.<\/strong><\/p>\n\n\n\n<p>En una nova edici\u00f3 de la nostra Newsletter Especial COVID-19, analitzem les novetats m\u00e9s rellevants aprovades en les dues \u00faltimes setmanes des de tots els \u00e0mbits de el Dret empresarial. La progressiva desescalada, la represa d&#8217;activitats i l&#8217;inici de la tornada gradual als centres de treball han estat q\u00fcestions clau en l&#8217;\u00faltima quinzena. S&#8217;han concretat els terminis per al compliment de les obligacions de formulaci\u00f3 de comptes i les seves conseq\u00fc\u00e8ncies en l&#8217;Impost sobre Societats, i aquesta setmana es reprenen els terminis processals i administratius. En aquest n\u00famero analitzem, a m\u00e9s, la import\u00e0ncia de l&#8217;compliance penal en aquests temps, i valorem les possibilitats que ofereix el concurs de creditors.<\/p>\n\n\n\n<p><strong>MERCANTIL<\/strong><strong><\/strong><\/p>\n\n\n\n<p>En les dues \u00faltimes setmanes s&#8217;han aprovat modificacions en algunes de les mesures existents, sense constituir, realment, noves mesures. En aquest sentit, s&#8217;ha disposat el seg\u00fcent:<\/p>\n\n\n\n<ol><li><strong>Formulaci\u00f3 de comptes. S&#8217;han concretat els terminis per al compliment de les obligacions de formulaci\u00f3 de comptes i aprovaci\u00f3 de les mateixes.<\/strong><\/li><\/ol>\n\n\n\n<p>2. <strong>Morat\u00f2ries. Es condiciona l&#8217;aplicaci\u00f3 a les morat\u00f2ries purament convencionals de el r\u00e8gim favorable que es descriu a continuaci\u00f3 al fet que els acords marc sectorials subscrits per l&#8217;entitat prestadora signant de la morat\u00f2ria s&#8217;hagin comunicat a el Banc d&#8217;Espanya per al seu registre i per a la posterior publicaci\u00f3 a la seva p\u00e0gina web.<\/strong><\/p>\n\n\n\n<p>3. <strong>Represa de terminis. Finalitza la suspensi\u00f3 dels terminis per a l&#8217;exercici de drets i accions, que es reprenen el 4 de juny de 2020.<\/strong><\/p>\n\n\n\n<p><strong>TRIBUTARI<\/strong><\/p>\n\n\n\n<p><strong>1. <\/strong>Impost sobre Societats. Com a conseq\u00fc\u00e8ncia de la crisi sanit\u00e0ria i de el confinament social, el Reial decret llei 8\/2020, de 17 de mar\u00e7 (modificat pel Reial decret llei 19\/2020), va aprovar diverses mesures extraordin\u00e0ries per permetre a les societats cotitzades i no cotitzades comptar amb m\u00e9s temps per a la formulaci\u00f3 i aprovaci\u00f3 dels comptes anuals. Aquesta possibilitat pot conduir a que moltes entitats hagin de preparar el seu autoliquidaci\u00f3 de l&#8217;Impost sobre Societats de 2019 sense comptar amb els comptes anuals convenientment formulats i aprovats. El referit Reial decret llei 19\/2020 ha regulat un mecanisme que permet presentar, fins al 30 de novembre de 2020, una nova autoliquidaci\u00f3 en el cas que els comptes anuals finalment aprovades difereixin de la informaci\u00f3 utilitzada en l&#8217;autoliquidaci\u00f3 a presentar en per\u00edode voluntari , sense aplicar rec\u00e0rrecs, per\u00f2 s\u00ed interessos de demora.<\/p>\n\n\n\n<p><strong>2.<\/strong> <strong>IBI i IAE. <\/strong>L&#8217;Ajuntament de Madrid ha aprovat, el 29 de maig de 2020, les anunciades bonificacions de l&#8217;IBI i l&#8217;IAE per a determinades activitats que s&#8217;han vist seriosament afectades per la crisi sanit\u00e0ria.<\/p>\n\n\n\n<p><strong>3.<\/strong> <strong>IVA.<\/strong>  Els efectes en l&#8217;IVA, l&#8217;Impost sobre Societats i l&#8217;IRPF de les renegociacions de contractes de lloguers que s&#8217;estan produint durant la crisi originada pel COVID-19, tenint en compte la normativa en vigor i les resolucions de la Direcci\u00f3 General de Tributs emeses en anys anteriors. S&#8217;acaben de publicar noves resolucions sobre aquesta q\u00fcesti\u00f3 en l&#8217;\u00e0mbit d&#8217;IVA: La DGT confirma que nom\u00e9s si la renegociaci\u00f3 el preu dels arrendaments es pacta abans de la meritaci\u00f3, s&#8217;evita l&#8217;IVA pel descompte pactat.<\/p>\n\n\n\n<p><strong>LABORAL<\/strong><strong><\/strong><\/p>\n\n\n\n<p>Les \u00faltimes dues setmanes han vingut marcades per la progressiva desescalada, la represa d&#8217;activitats i l&#8217;inici de la tornada gradual als centres de treball. Igualment han estat setmanes d&#8217;intensa actualitat en mat\u00e8ria laboral. Diferents organismes han em\u00e8s diversos criteris interpretatius i guies d&#8217;actuaci\u00f3 davant els dubtes generats per la regulaci\u00f3 dels ERTO. S&#8217;ha celebrat el primer judici laboral en l\u00ednia i s&#8217;estan posant en marxa sistemes per a la celebraci\u00f3 de conciliacions per mitjans telem\u00e0tics. Finalment, la possible derogaci\u00f3 de la reforma laboral torna a el debat p\u00fablic i la generalitzaci\u00f3 de l&#8217;teletreball crea una intensa discussi\u00f3 sobre la seva regulaci\u00f3.<\/p>\n\n\n\n<p><strong>1. <\/strong>Es publica l&#8217;Ordre per a l&#8217;aplicaci\u00f3 de la fase 3 de el Pla per a la transici\u00f3 cap a una nova normalitat. L&#8217;Ordre SND \/ 458\/2020 preveu mesures de flexibilitzaci\u00f3 de les restriccions, mesures de prevenci\u00f3 i higiene i mant\u00e9, sempre que sigui possible, el foment de la continu\u00eftat de l&#8217;teletreball per a aquells treballadors que puguin realitzar la seva activitat laboral a dist\u00e0ncia. Tanmateix es preveu tamb\u00e9 que les empreses podran elaborar protocols de reincorporaci\u00f3 presencial a l&#8217;activitat laboral d&#8217;acord amb la normativa laboral i de prevenci\u00f3 de riscos laborals, que hauran d&#8217;incloure recomanacions sobre l&#8217;\u00fas dels equips de protecci\u00f3 adequats a el nivell de risc, la descripci\u00f3 de les mesures de seguretat a aplicar, la regulaci\u00f3 de la volta a la feina amb horari escalonat per al personal, sempre que aix\u00f2 sigui possible, aix\u00ed com la conciliaci\u00f3 de la vida laboral i familiar.<\/p>\n\n\n\n<p><strong>2. La Direcci\u00f3 General de Treball <\/strong>ha dictat diferents oficis en resposta a les consultes plantejades en relaci\u00f3 amb la regulaci\u00f3 dels ERTO. En els mateixos recull els seus criteris interpretatius respecte a diferents mat\u00e8ries, com s\u00f3n la composici\u00f3 de la comissi\u00f3 negociadora dels ERTO ETOP (reconeixent la prefer\u00e8ncia per la representaci\u00f3 sindical encara que no compareguin tots els sindicats legitimats) o l&#8217;aplicaci\u00f3 de el Reial decret llei 18 \/ 2020, tractant q\u00fcestions com la definici\u00f3 dels ERTO per for\u00e7a major total o parcial, la desafectaci\u00f3 i represa parcial de l&#8217;activitat, la comunicaci\u00f3 a l&#8217;autoritat laboral de la ren\u00fancia total a l&#8217;ERTO o la desafectaci\u00f3 de el personal i possible afectaci\u00f3 posterior de la mateixa si les circumst\u00e0ncies ho motivaren.<\/p>\n\n\n\n<p>Els criteris, en qualsevol cas, no s\u00f3n vinculants, sin\u00f3 merament informatius, a l&#8217;mancar l&#8217;Administraci\u00f3 de la compet\u00e8ncia per a efectuar interpretacions legals, que est\u00e0 atribu\u00efda en exclusiva als \u00f2rgans jurisdiccionals.<\/p>\n\n\n\n<p>Aix\u00ed mateix, aquests oficis es remeten a la Tresoreria General de la Seguretat Social en diferents mat\u00e8ries vinculades amb l&#8217;exoneraci\u00f3 de cotitzacions. Precisament aquest organisme ha publicat el seu butllet\u00ed de Not\u00edcies Xarxa de 28 de maig de 2020 en el que amplia la informaci\u00f3 en mat\u00e8ria de cotitzaci\u00f3 sobre l&#8217;esmentat Reial decret llei 18\/2020.<\/p>\n\n\n\n<p>3.<strong>Es defineixen les pautes comunes d&#8217;actuaci\u00f3 de les inspeccions sobre els ERTO. La Inspecci\u00f3 de Treball ha em\u00e8s un document per procurar que les actuacions de la Direcci\u00f3 Especial i de les inspeccions provincials en els ERTO derivats de l&#8217;COVID-19 siguin homog\u00e8nies en tot el territori nacional.<\/strong><\/p>\n\n\n\n<p>El document aborda de forma independent les casu\u00edstiques de diferents sectors (primari, industrial, serveis, construcci\u00f3, transport i altres casos particulars) tenint en compte, a m\u00e9s, els diferents per\u00edodes des de la declaraci\u00f3 de l&#8217;estat d&#8217;alarma (fins al 29 de mar\u00e7, el per\u00edode compr\u00e8s entre el 30 de mar\u00e7 i el 9 d&#8217;abril, aix\u00ed com el posterior a aquesta \u00faltima data).<\/p>\n\n\n\n<p><strong>4. <\/strong>Procediment d&#8217;actuaci\u00f3 per als serveis de prevenci\u00f3 de riscos laborals enfront de l&#8217;COVID-19 a 22 de maig de 2020. L&#8217;actualitzaci\u00f3 de procediment d&#8217;actuaci\u00f3 s&#8217;adequa el document a la nova estrat\u00e8gia de diagn\u00f2stic, vigil\u00e0ncia i control en la fase de transici\u00f3 de la pand\u00e8mia de COVID-19 i actualitza la definici\u00f3 de treballador especialment sensible, les guies d&#8217;actuaci\u00f3 per a la gesti\u00f3 de la vulnerabilitat i el risc en l&#8217;\u00e0mbit sanitari i sociosanitari i en \u00e0mbits no sanitaris o sociosanitaris<strong>.<\/strong><\/p>\n\n\n\n<p><strong>5. <\/strong>El Ministeri de Sanitat ha actualitzat les instruccions sobre la realitzaci\u00f3 de proves diagn\u00f2stiques per a la detecci\u00f3 de l&#8217;COVID-19 en l&#8217;\u00e0mbit de les empreses. En aquestes instruccions s&#8217;indiquen les proves a realitzar quan es detectin casos sospitosos, destacant la intervenci\u00f3 crucial dels serveis de prevenci\u00f3 i la seva col\u00b7laboraci\u00f3 amb les autoritats sanit\u00e0ries per a la detecci\u00f3 preco\u00e7 de casos susceptibles de contagi. Aquestes instruccions exigeixen que tots els centres, serveis i establiments sanitaris de diagn\u00f2stic cl\u00ednic, amb independ\u00e8ncia de la seva titularitat, notifiquin a l&#8217;autoritat sanit\u00e0ria competent de la comunitat aut\u00f2noma en qu\u00e8 estiguin ubicats i \/ o prestin els seus serveis, els casos de COVID- 19 confirmats dels que hagin tingut coneixement despr\u00e9s de la realitzaci\u00f3 de les corresponents proves diagn\u00f2stiques, aix\u00ed com qualsevol entitat de naturalesa p\u00fablica o privada que adquireixi material per a la realitzaci\u00f3 de les proves diagn\u00f2stiques per a la detecci\u00f3 de l&#8217;COVID-19 ha de posar en coneixement d&#8217;aquesta autoritat sanit\u00e0ria.<\/p>\n\n\n\n<p><strong>6. <\/strong>Es publica el Reial decret llei 19\/2020, pel qual s&#8217;adopten mesures complement\u00e0ries en mat\u00e8ria agr\u00e0ria, cient\u00edfica, econ\u00f2mica, d&#8217;ocupaci\u00f3 i Seguretat Social i tribut\u00e0ries per a pal\u00b7liar els efectes de l&#8217;COVID-19. La norma preveu algunes mesures laborals, entre les que es troba el reconeixement com a accident de treball de les prestacions de Seguretat Social que causi el personal que presta serveis en centres sanitaris o sociosanitaris i que, en l&#8217;exercici de la seva professi\u00f3, hagin contret COVID-19, en relaci\u00f3 amb la prestaci\u00f3 per atur dels artistes en espectacles p\u00fablics o en mat\u00e8ria d&#8217;ocupaci\u00f3 i r\u00e8gim de Seguretat Social agrari.<\/p>\n\n\n\n<p><strong>7.<\/strong> <strong>Els judicis i les conciliacions telem\u00e0tiques ja s\u00f3n una realitat. <\/strong>El 18 de maig de 2020 va celebrar el primer judici telem\u00e0tic en la jurisdicci\u00f3 social davant el Jutjat del Social n\u00ba 2 de Vigo. Per la seva banda, els diferents organismes de mediaci\u00f3, arbitratge i conciliaci\u00f3 s&#8217;estan habilitant mitjans que permetin la celebraci\u00f3 dels actes de conciliaci\u00f3 de forma telem\u00e0tica.<\/p>\n\n\n\n<p><strong>8. La derogaci\u00f3 de la reforma laboral i la regulaci\u00f3 de l&#8217;teletreball en el debat p\u00fablic. <\/strong>Despr\u00e9s de l&#8217;anunci de la derogaci\u00f3 \u00edntegra de la reforma laboral i la posterior rectificaci\u00f3 sobre l&#8217;abast d&#8217;aquesta derogaci\u00f3, restringida a determinats aspectes de la mateixa, es repr\u00e8n un debat que ja s&#8217;havia plantejat amb anterioritat a la crisi de l&#8217;COVID-19 i el desenlla\u00e7 de moment \u00e9s incert.<\/p>\n\n\n\n<p>Per la seva banda, la generalitzaci\u00f3 de l&#8217;teletreball ha creat una intensa discussi\u00f3 sobre la conveni\u00e8ncia de regular en major detall aquesta figura i les possibles obligacions vinculades a la mateixa.<\/p>\n\n\n\n<p><strong>Litigaci\u00f3 I ARBITRATGE<\/strong><\/p>\n\n\n\n<p><strong>1. Al\u00e7ament de la suspensi\u00f3 dels terminis processals i substantius i represa de les actuacions judicials. <\/strong>A partir d&#8217;el 4 de juny de 2020 s&#8217;al\u00e7a la suspensi\u00f3 dels terminis processals i substantius, acordada en virtut de les disposicions addicionals segona i quarta de Reial Decret 463\/2020, de 14 de mar\u00e7 pel qual es va declarar l&#8217;estat d&#8217;alarma. Aix\u00ed mateix, a partir d&#8217;aquesta data es practicaran tamb\u00e9 les actuacions judicials assenyalades, sempre que sigui possible, ateses les exig\u00e8ncies d&#8217;\u00edndole sanit\u00e0ria i les organitzatives i \/ o processals.<\/p>\n\n\n\n<p><strong>2. Vistes telem\u00e0tiques en procediments civils. <\/strong>Les vistes s&#8217;han desenvolupat a la Comunitat de Madrid mitjan\u00e7ant l&#8217;aplicaci\u00f3 de videoconfer\u00e8ncia en l\u00ednia Zoom amb resultats satisfactoris. Es tracta, de moment, de vistes en qu\u00e8 nom\u00e9s intervenen professionals, encara que els jutjats no descarten la celebraci\u00f3 d&#8217;altres actuacions en qu\u00e8 tamb\u00e9 intervinguin parts o testimonis. Es posa aix\u00ed en pr\u00e0ctica la possibilitat prevista en el RDL 16\/2020, de 28 d&#8217;abril, de mesures processals i organitzatives per fer front a l&#8217;COVID-19 en l&#8217;\u00e0mbit de l&#8217;Administraci\u00f3 de Just\u00edcia, de celebrar vistes telem\u00e0tiques durant l&#8217;estat d&#8217;alarma i fins a tres mesos despr\u00e9s de la seva finalitzaci\u00f3.<\/p>\n\n\n\n<p><strong>3. El Consell General de l&#8217;Poder Judicial ha publicat una guia per a la celebraci\u00f3 d&#8217;actuacions judicials telem\u00e0tiques. <\/strong>La guia ofereix pautes i recomanacions per conciliar l&#8217;aplicaci\u00f3 preferent d&#8217;aquests mitjans tecnol\u00f2gics a l&#8217;proc\u00e9s amb el ple respecte als principis i garanties que estableixen les lleis. Aborda, en quatre apartats, els aspectes relacionats amb la prefer\u00e8ncia per a ocupaci\u00f3 de mitjans telem\u00e0tics, la forma de celebraci\u00f3, el lloc i els requisits t\u00e8cnics m\u00ednims que s&#8217;han de tenir en compte per a realitzar telem\u00e0ticament els diferents actes processals. Es pot consultar  <a href=\"http:\/\/www.poderjudicial.es\/cgpj\/es\/Poder-Judicial\/Consejo-General-del-Poder-Judicial\/En-Portada\/La-Comision-Permanente-aprueba-una-Guia-para-la-celebracion-de-actuaciones-judiciales-telematicas\">aqu\u00ed<\/a>.<\/p>\n\n\n\n<p><strong>4. La import\u00e0ncia del compliance penal en temps de COVID-19. <\/strong>La crisi sanit\u00e0ria que venim patint ha suposat un desafiament important\u00edssim per a les empreses, que han hagut d&#8217;adaptar a contrarellotge a les restriccions sanit\u00e0ries imposades per controlar la pand\u00e8mia, modificant, sin\u00f3 variant completament, els seus sistemes productius, i la forma i manera de prestar seus serveis.<\/p>\n\n\n\n<p>En aquest context en qu\u00e8 s&#8217;ha est\u00e8s el teletreball, o b\u00e9, s&#8217;ha hagut de modificar les condicions de treball en gaireb\u00e9 totes les plantilles, no s&#8217;ha de perdre de vista la import\u00e0ncia de disposar d&#8217;un adequat sistema de prevenci\u00f3 de delictes, ja que els riscos penals per a les empreses, per molt que aquestes hagin vist redu\u00efda la seva activitat, lluny de desapar\u00e8ixer, en molts casos s&#8217;han incrementat a causa de les noves formes de treballar ia la situaci\u00f3 excepcional en qu\u00e8 ens trobem.<\/p>\n\n\n\n<p><strong>REESTRUCTURACIONS I INSOLV\u00c8NCIES<\/strong><\/p>\n\n\n\n<p>A Espanya hi ha actualment diferents instruments de reestructuraci\u00f3: pre-concurs, homologaci\u00f3 d&#8217;acords de refinan\u00e7ament, acord extrajudicial de pagaments o concurs de creditors. En aquesta edici\u00f3 destaquem alguns atributs d&#8217;aquesta \u00faltima figura, que pot resultar interessant per a algunes empreses en determinades circumst\u00e0ncies.<\/p>\n\n\n\n<p><strong>1. Que el RD 16\/2020 no obligui a demanar el concurs de creditors als deutors en dificultats no vol dir que no puguin fer-ho si els conv\u00e9. <\/strong>La Llei Concursal estableix el deure dels administradors de sol\u00b7licitar el concurs de creditors dins dels dos mesos seg\u00fcents a l&#8217;esdeveniment de l&#8217;estat d&#8217;insolv\u00e8ncia, podent inc\u00f3rrer d&#8217;una altra manera en responsabilitat personal.<\/p>\n\n\n\n<p>En ocasi\u00f3 de la crisi de l&#8217;COVID-19, l&#8217;article 11 de l&#8217;RD 16\/2020 ha vingut a establir una excepci\u00f3. Aquesta excepci\u00f3 consisteix que el deure de sol\u00b7licitar el concurs no ser\u00e0 exigible als administradors fins al 31 de desembre de 2020.<\/p>\n\n\n\n<p>No obstant aix\u00f2, s&#8217;estan produint certes malinterpretacions: el fet que el deure de sol\u00b7licitar el concurs s&#8217;hagi est\u00e8s fins al final de 2020 no significa que els deutors que ho necessitin no puguin rec\u00f3rrer a el concurs en qualsevol moment anterior a al 31 de desembre de 2020 .<\/p>\n\n\n\n<p>Hi ha raons per les quals, en l&#8217;actual crisi, i m\u00e9s enll\u00e0 de l&#8217;estigma associat, el concurs pot protegir i ajudar a les empreses en dificultats. Els jutjats mercantils es troben en funcionament durant l&#8217;estat d&#8217;alarma i certes actuacions concursals es consideren legalment mereixedores fins i tot de tramitaci\u00f3 preferent.<\/p>\n\n\n\n<p><strong>2. El concurs de creditors pot ser una eina \u00fatil per als deutors que necessitin &#8216;hivernar&#8217; les seves empreses durant la crisi COVID-19.<\/strong> El concurs de creditors, aix\u00ed com el pre-concurs, tenen entre les seves finalitats dotar el deutor d&#8217;un marc de negociaci\u00f3 estable per arribar a un acord de refinan\u00e7ament o un conveni amb els seus creditors.<\/p>\n\n\n\n<p>El per\u00edode perqu\u00e8 aquesta negociaci\u00f3 es pugui dur a terme dependr\u00e0 de diferents factors i pot tenir una durada significativa. Durant aquest per\u00edode, la societat gaudir\u00e0 d&#8217;una s\u00e8rie d&#8217; &#8216;escuts protectors&#8217; que, per exemple, la faran immune enfront de execucions o embargaments dels seus creditors (incloent els cr\u00e8dits p\u00fablics), o intents d&#8217;acabar contractes essencials.<\/p>\n\n\n\n<p>Aix\u00ed, fins que s&#8217;arribi a una soluci\u00f3 convencional o liquidadora, el concurs pot brindar una oportunitat de protegir i hivernar aquelles empreses que ho necessitin per reestructurar com a conseq\u00fc\u00e8ncia d&#8217;una crisi in\u00e8dita com la de l&#8217;Covid-19.<\/p>\n\n\n\n<p><strong>3. La declaraci\u00f3 de concurs sol implicar una r\u00e0pida millora de la posici\u00f3 de tresoreria per al deutor. <\/strong>En termes generals, la declaraci\u00f3 de concurs permet al deutor deixar de pagar els seus deutes anteriors sense que els creditors puguin executar o embargar els seus cr\u00e8dits. El concurs permet al deutor seguir fent els pagaments associats als contractes operatius o de circulant necessaris per mantenir la seva activitat.<\/p>\n\n\n\n<p>Addicionalment, durant el concurs no nom\u00e9s no ha de pagar-se el servei del deute, sin\u00f3 que en certs casos els interessos no arriben ni tan sols a reportar-se. Tamb\u00e9 es poden adoptar mesures de reestructuraci\u00f3 operativa (mesures laborals, resoluci\u00f3 de contractes onerosos, etc.) i financera (lleves, esperes, etc.).<\/p>\n\n\n\n<p>Tot aix\u00f2 permet millorar la posici\u00f3 de tresoreria de l&#8217;deutor durant el procediment concursal, i tamb\u00e9 facilita arribar a un acord amb la majoria rellevant de creditors que a el cap permeti superar la insolv\u00e8ncia.<\/p>\n","protected":false},"excerpt":{"rendered":"<p>Aquesta quinzena destaquem la formulaci\u00f3 de comptes anuals i l&#8217;Impost sobre Societats, la represa de terminis, els judicis telem\u00e0tics, el retorn gradual als centres de&#8230;<\/p>\n","protected":false},"author":2,"featured_media":0,"comment_status":"closed","ping_status":"open","sticky":false,"template":"","format":"standard","meta":[],"categories":[14,15,16],"acf":[],"_links":{"self":[{"href":"https:\/\/www.btsasociados.com\/ca\/wp-json\/wp\/v2\/posts\/3412"}],"collection":[{"href":"https:\/\/www.btsasociados.com\/ca\/wp-json\/wp\/v2\/posts"}],"about":[{"href":"https:\/\/www.btsasociados.com\/ca\/wp-json\/wp\/v2\/types\/post"}],"author":[{"embeddable":true,"href":"https:\/\/www.btsasociados.com\/ca\/wp-json\/wp\/v2\/users\/2"}],"replies":[{"embeddable":true,"href":"https:\/\/www.btsasociados.com\/ca\/wp-json\/wp\/v2\/comments?post=3412"}],"version-history":[{"count":0,"href":"https:\/\/www.btsasociados.com\/ca\/wp-json\/wp\/v2\/posts\/3412\/revisions"}],"wp:attachment":[{"href":"https:\/\/www.btsasociados.com\/ca\/wp-json\/wp\/v2\/media?parent=3412"}],"wp:term":[{"taxonomy":"category","embeddable":true,"href":"https:\/\/www.btsasociados.com\/ca\/wp-json\/wp\/v2\/categories?post=3412"}],"curies":[{"name":"wp","href":"https:\/\/api.w.org\/{rel}","templated":true}]}}