{"id":3362,"date":"2021-01-29T12:49:58","date_gmt":"2021-01-29T11:49:58","guid":{"rendered":"http:\/\/www.btsasociados.com\/?p=3362"},"modified":"2021-01-29T12:49:59","modified_gmt":"2021-01-29T11:49:59","slug":"els-autonoms-amb-prestacio-reconeguda-per-cessament-dactivitat-la-cobraran-tambe-al-maig-tot-i-reobrin-els-seus-negocis","status":"publish","type":"post","link":"https:\/\/www.btsasociados.com\/ca\/els-autonoms-amb-prestacio-reconeguda-per-cessament-dactivitat-la-cobraran-tambe-al-maig-tot-i-reobrin-els-seus-negocis\/","title":{"rendered":"Els aut\u00f2noms amb prestaci\u00f3 reconeguda per cessament d&#8217;activitat la cobraran tamb\u00e9 al maig tot i reobrin els seus negocis"},"content":{"rendered":"\n<p><strong>El Ministeri d&#8217;Inclusi\u00f3, Seguretat Social i Migracions ha publicat a Twitter: &#8220;els aut\u00f2noms que tingueu reconeguda la prestaci\u00f3 extraordin\u00e0ria la tornareu a cobrar al mes de maig, independentment que aneu obrint els vostres negocis d&#8217;acord amb el que estableix el pla de desescalada&#8221; .<\/strong><\/p>\n\n\n\n<p>Segons informa el propi ministeri, el passat 17 d&#8217;abril, ja es va realitzar l&#8217;ingr\u00e9s de la primera mensualitat a 919.173 aut\u00f2noms, el que va suposar una injecci\u00f3 de 670.900.000 d&#8217;euros, corresponent a el per\u00edode entre el 14 de mar\u00e7 i aquesta data. Ara, aquests aut\u00f2noms han percebut mitja mensualitat. A m\u00e9s, s&#8217;han incorporat 235.574 noves prestacions.<\/p>\n\n\n\n<p><strong>T\u00e9 acc\u00e9s a aquesta prestaci\u00f3 qualsevol treballador per compte propi inscrit en el r\u00e8gim corresponent que es vegi afectat pel tancament de negocis a causa de la declaraci\u00f3 de l&#8217;estat d&#8217;alarma o la facturaci\u00f3 caigui al mes un 75% respecte a la mitjana mensual de l&#8217;semestre anterior .<\/strong><\/p>\n\n\n\n<p><strong>Els aut\u00f2noms beneficiaris de la prestaci\u00f3 que puguin obrir el seu negoci a l&#8217;inici de la desescalada de continuar percebent fins a l&#8217;\u00faltim dia del mes que finalitzi l&#8217;estat d&#8217;alarma. L&#8217;ajuda busca protegir la falta d&#8217;ingressos dels aut\u00f2noms en aquesta situaci\u00f3 excepcional i contribuir a la superviv\u00e8ncia del seu negoci.<\/strong><\/p>\n\n\n\n<p>Segons dades de l&#8217;ministeri, treballadors per compte propi han sol\u00b7licitat aquesta prestaci\u00f3 extraordin\u00e0ria a les m\u00fatues col\u00b7laboradores de la Seguretat Social. S&#8217;han aprovat el 93% de les sol\u00b7licituds tramitades i hi ha un 4% pendent d&#8217;avaluar. La prestaci\u00f3 t\u00e9 una quantia de el 70% de la base reguladora, \u00e9s a dir, un m\u00ednim de 661 euros en el cas dels que cotitzen per la base m\u00ednima.<\/p>\n\n\n\n<p><em>Per sol\u00b7licitar-la no s&#8217;exigeix \u200b\u200bper\u00edode m\u00ednim de cotitzaci\u00f3 exigit per a altres prestacions, nom\u00e9s cal estar en alta com a aut\u00f2nom en el r\u00e8gim corresponent i trobar-se a l&#8217;corrent de pagament de les cotitzacions socials. A m\u00e9s, \u00e9s compatible amb qualsevol altra prestaci\u00f3 de la Seguretat Social que el sol\u00b7licitant vingu\u00e9s percebent, com per exemple, orfandat o vidu\u00eftat, i fos compatible amb l&#8217;exercici de l&#8217;activitat que desenvolupava.<\/em><\/p>\n\n\n\n<p><\/p>\n","protected":false},"excerpt":{"rendered":"<p>El Ministeri d&#8217;Inclusi\u00f3, Seguretat Social i Migracions ha publicat a Twitter: &#8220;els aut\u00f2noms que tingueu reconeguda la prestaci\u00f3 extraordin\u00e0ria la tornareu a cobrar al mes&#8230;<\/p>\n","protected":false},"author":2,"featured_media":0,"comment_status":"closed","ping_status":"open","sticky":false,"template":"","format":"standard","meta":[],"categories":[16],"acf":[],"_links":{"self":[{"href":"https:\/\/www.btsasociados.com\/ca\/wp-json\/wp\/v2\/posts\/3362"}],"collection":[{"href":"https:\/\/www.btsasociados.com\/ca\/wp-json\/wp\/v2\/posts"}],"about":[{"href":"https:\/\/www.btsasociados.com\/ca\/wp-json\/wp\/v2\/types\/post"}],"author":[{"embeddable":true,"href":"https:\/\/www.btsasociados.com\/ca\/wp-json\/wp\/v2\/users\/2"}],"replies":[{"embeddable":true,"href":"https:\/\/www.btsasociados.com\/ca\/wp-json\/wp\/v2\/comments?post=3362"}],"version-history":[{"count":0,"href":"https:\/\/www.btsasociados.com\/ca\/wp-json\/wp\/v2\/posts\/3362\/revisions"}],"wp:attachment":[{"href":"https:\/\/www.btsasociados.com\/ca\/wp-json\/wp\/v2\/media?parent=3362"}],"wp:term":[{"taxonomy":"category","embeddable":true,"href":"https:\/\/www.btsasociados.com\/ca\/wp-json\/wp\/v2\/categories?post=3362"}],"curies":[{"name":"wp","href":"https:\/\/api.w.org\/{rel}","templated":true}]}}