{"id":3272,"date":"2021-01-25T14:15:43","date_gmt":"2021-01-25T13:15:43","guid":{"rendered":"http:\/\/www.btsasociados.com\/?p=3272"},"modified":"2021-01-25T14:15:46","modified_gmt":"2021-01-25T13:15:46","slug":"erte-regim-sancionador-i-reintegrament-de-les-prestacions-indegudes","status":"publish","type":"post","link":"https:\/\/www.btsasociados.com\/ca\/erte-regim-sancionador-i-reintegrament-de-les-prestacions-indegudes\/","title":{"rendered":"ERTE\/ R\u00e8gim sancionador i reintegrament de les prestacions indegudes"},"content":{"rendered":"\n<p><strong>En el Reial decret llei 9\/2020, de 27 de mar\u00e7, pel qual s&#8217;adopten mesures complement\u00e0ries, en l&#8217;\u00e0mbit laboral, per pal\u00b7liar els efectes derivats de COVID-19, publicat al BOE el 2020.03.28, estableix :<\/strong><\/p>\n\n\n\n<p>Es preveu que les sol\u00b7licituds presentades per l&#8217;empresa per a sol\u00b7licitar la suspensi\u00f3 o la reducci\u00f3 de la jornada amb car\u00e0cter temporal en els expedients de regulaci\u00f3 d&#8217;ocupaci\u00f3 (ERTO) que continguessin falsedats o incorreccions en les dades facilitades donaran lloc a les sancions corresponents, sent sancionable , igualment, d&#8217;acord amb el que preveu aquesta norma, la conducta de l&#8217;empresa consistent en sol\u00b7licitar mesures, en relaci\u00f3 a l&#8217;ocupaci\u00f3 que no resultessin necess\u00e0ries o no tinguessin connexi\u00f3 suficient amb la causa que les origina, sempre que donin lloc a la generaci\u00f3 o percepci\u00f3 de prestacions indegudes.<\/p>\n\n\n\n<p>Sense perjudici de la responsabilitat administrativa o penal que legalment correspongui, l&#8217;empresa haur\u00e0 d&#8217;ingressar a l&#8217;entitat gestora les quantitats percebudes per la persona treballadora, deduint dels salaris deixats de percebre que haguessin correspost, amb el l\u00edmit de la suma d&#8217;aquests salaris.<\/p>\n\n\n\n<p>L&#8217;obligaci\u00f3 de tornar les prestacions que preveu l&#8217;apartat anterior, pel que fa a sanci\u00f3 access\u00f2ria, ser\u00e0 exigible fins a la prescripci\u00f3 de les infraccions referides.<\/p>\n\n\n\n<p>De forma paral\u00b7lela, s&#8217;estableix el deure de col\u00b7laboraci\u00f3 de l&#8217;entitat gestora de les prestacions per desocupaci\u00f3 amb la Inspecci\u00f3 de Treball i Seguretat Social, havent de notificar, a aquest efecte a aquesta \u00faltima, els sup\u00f2sits en qu\u00e8 apreci\u00ef indicis de frau per a l&#8217;obtenci\u00f3 de les prestacions per desocupaci\u00f3.<\/p>\n","protected":false},"excerpt":{"rendered":"<p>En el Reial decret llei 9\/2020, de 27 de mar\u00e7, pel qual s&#8217;adopten mesures complement\u00e0ries, en l&#8217;\u00e0mbit laboral, per pal\u00b7liar els efectes derivats de COVID-19,&#8230;<\/p>\n","protected":false},"author":2,"featured_media":0,"comment_status":"closed","ping_status":"open","sticky":false,"template":"","format":"standard","meta":[],"categories":[16],"acf":[],"_links":{"self":[{"href":"https:\/\/www.btsasociados.com\/ca\/wp-json\/wp\/v2\/posts\/3272"}],"collection":[{"href":"https:\/\/www.btsasociados.com\/ca\/wp-json\/wp\/v2\/posts"}],"about":[{"href":"https:\/\/www.btsasociados.com\/ca\/wp-json\/wp\/v2\/types\/post"}],"author":[{"embeddable":true,"href":"https:\/\/www.btsasociados.com\/ca\/wp-json\/wp\/v2\/users\/2"}],"replies":[{"embeddable":true,"href":"https:\/\/www.btsasociados.com\/ca\/wp-json\/wp\/v2\/comments?post=3272"}],"version-history":[{"count":0,"href":"https:\/\/www.btsasociados.com\/ca\/wp-json\/wp\/v2\/posts\/3272\/revisions"}],"wp:attachment":[{"href":"https:\/\/www.btsasociados.com\/ca\/wp-json\/wp\/v2\/media?parent=3272"}],"wp:term":[{"taxonomy":"category","embeddable":true,"href":"https:\/\/www.btsasociados.com\/ca\/wp-json\/wp\/v2\/categories?post=3272"}],"curies":[{"name":"wp","href":"https:\/\/api.w.org\/{rel}","templated":true}]}}