{"id":2720,"date":"2020-03-18T16:05:45","date_gmt":"2020-03-18T15:05:45","guid":{"rendered":"http:\/\/www.btsasociados.com\/?p=2720"},"modified":"2020-03-18T16:05:46","modified_gmt":"2020-03-18T15:05:46","slug":"consideracio-dat-laillament-o-contagi-per-coronavirus","status":"publish","type":"post","link":"https:\/\/www.btsasociados.com\/ca\/consideracio-dat-laillament-o-contagi-per-coronavirus\/","title":{"rendered":"Consideraci\u00f3 d&#8217;AT l&#8217;a\u00efllament o contagi per coronavirus"},"content":{"rendered":"\n<p><strong>La Seguretat Social canvia el criteri anterior i declara que les situacions d&#8217;a\u00efllament o contagi de les persones treballadores per compte propi o ali\u00e8 com a conseq\u00fc\u00e8ncia de l&#8217;COVID-19 tenen la consideraci\u00f3 de assimilades a AT a efectes de la prestaci\u00f3 econ\u00f2mica per IT.<\/strong><\/p>\n\n\n\n<p>Des del 2020.03.12, amb car\u00e0cter excepcional i als efectes d&#8217;IT, els per\u00edodes d&#8217;a\u00efllament o contagi de les persones treballadores provocat pel virus COVID-19, tenen la consideraci\u00f3 de situaci\u00f3 assimilada a AT.<\/p>\n\n\n\n<p>La durada d&#8217;aquesta prestaci\u00f3 excepcional vindr\u00e0 determinada pel comunicat de baixa per a\u00efllament i la corresponent alta.<\/p>\n\n\n\n<p>Poden causar aquesta prestaci\u00f3 els treballadors per compte propi o ali\u00e8 que en la data de el fet causant es trobin en situaci\u00f3 d&#8217;alta en qualsevol dels r\u00e8gims de Seguretat Social.<\/p>\n\n\n\n<p>La data de el fet causant \u00e9s la data en la qual s&#8217;acordi l&#8217;a\u00efllament o malaltia de l&#8217;treballador, sense perjudici que l&#8217;informe de baixa s&#8217;expedeixi amb posterioritat a aquesta data.<\/p>\n","protected":false},"excerpt":{"rendered":"<p>La Seguretat Social canvia el criteri anterior i declara que les situacions d&#8217;a\u00efllament o contagi de les persones treballadores per compte propi o ali\u00e8 com&#8230;<\/p>\n","protected":false},"author":2,"featured_media":0,"comment_status":"closed","ping_status":"open","sticky":false,"template":"","format":"standard","meta":[],"categories":[16],"acf":[],"_links":{"self":[{"href":"https:\/\/www.btsasociados.com\/ca\/wp-json\/wp\/v2\/posts\/2720"}],"collection":[{"href":"https:\/\/www.btsasociados.com\/ca\/wp-json\/wp\/v2\/posts"}],"about":[{"href":"https:\/\/www.btsasociados.com\/ca\/wp-json\/wp\/v2\/types\/post"}],"author":[{"embeddable":true,"href":"https:\/\/www.btsasociados.com\/ca\/wp-json\/wp\/v2\/users\/2"}],"replies":[{"embeddable":true,"href":"https:\/\/www.btsasociados.com\/ca\/wp-json\/wp\/v2\/comments?post=2720"}],"version-history":[{"count":0,"href":"https:\/\/www.btsasociados.com\/ca\/wp-json\/wp\/v2\/posts\/2720\/revisions"}],"wp:attachment":[{"href":"https:\/\/www.btsasociados.com\/ca\/wp-json\/wp\/v2\/media?parent=2720"}],"wp:term":[{"taxonomy":"category","embeddable":true,"href":"https:\/\/www.btsasociados.com\/ca\/wp-json\/wp\/v2\/categories?post=2720"}],"curies":[{"name":"wp","href":"https:\/\/api.w.org\/{rel}","templated":true}]}}