{"id":2577,"date":"2020-03-03T18:49:22","date_gmt":"2020-03-03T17:49:22","guid":{"rendered":"http:\/\/www.btsasociados.com\/validez-del-descuento-del-tiempo-para-el-cafe-o-para-fumar\/"},"modified":"2020-03-04T19:02:22","modified_gmt":"2020-03-04T18:02:22","slug":"validez-del-descuento-del-tiempo-para-el-cafe-o-para-fumar","status":"publish","type":"post","link":"https:\/\/www.btsasociados.com\/ca\/validez-del-descuento-del-tiempo-para-el-cafe-o-para-fumar\/","title":{"rendered":"Validesa de l&#8217;descompte de el temps per al caf\u00e8 o per fumar"},"content":{"rendered":"\n<h4>L&#8217;AN declara v\u00e0lida la implantaci\u00f3 d&#8217;un sistema de registre de jornada que descompta el temps emprat en fumar o en l&#8217;esmorzar. Considera que el fet que amb anterioritat els treballadors sortissin a fumar o a prendre caf\u00e8 sense registrar la jornada era una pol\u00edtica de confian\u00e7a empresarial en virtut de la qual cada treballador \u00e9s responsable de desenvolupar la jornada compromesa. Tamb\u00e9 considera v\u00e0lid el sistema de fitxatge implantat en relaci\u00f3 amb els viatges de treball i la necessitat d&#8217;autoritzaci\u00f3 pr\u00e8via per a realitzar hores extraordin\u00e0ries.<\/h4>\n\n\n\n<p>Despr\u00e9s de l&#8217;entrada en vigor de l&#8217;RDL 8\/2019, que va establir l&#8217;obligaci\u00f3 d&#8217;implantar un sistema de registre horari, l&#8217;empresa es va reunir en diverses ocasions amb el comit\u00e8 d&#8217;empresa per tal de tractar la q\u00fcesti\u00f3 relativa a sistema de fitxatge. Finalment, el 2019.10.01, la direcci\u00f3 de l&#8217;empresa remet un correu electr\u00f2nic a la plantilla comunicant la implantaci\u00f3 de el nou sistema de registre.<\/p>\n\n\n\n<p>La representaci\u00f3 sindical presenta demanda de conflicte col\u00b7lectiu. Denuncia que l&#8217;empresa ha establert noves condicions de treball en mat\u00e8ria de jornada, descansos i treball efectiu el que suposa una modificaci\u00f3 substancial de condicions de treball que, a l&#8217;haver-se adoptat sense respectar un per\u00edode previ de consultes real i efectiu ni una negociaci\u00f3 sobre propostes concretes , ha de declarar-nul\u00b7la. En concret, sol\u00b7licita que es declarin nul\u00b7les les seg\u00fcents mesures:<\/p>\n\n\n\n<p>1. La implantaci\u00f3, com a criteri de registre, que el personal d&#8217;oficina i d&#8217;comercial que realitzi viatges i no torni a l&#8217;oficina el mateix dia es regeixi per la consideraci\u00f3 que realitza 7 h 45 min. de treball efectiu i no el temps invertit en el viatge m\u00e9s el treball efectivament desenvolupat en atenci\u00f3 a client.<\/p>\n\n\n\n<p>2. La mesura consistent en que la prolongaci\u00f3 de jornada fora del que estableix el calendari laboral i jornada di\u00e0ria -hores extraordin\u00e0ries- estiguin supeditades a l&#8217;autoritzaci\u00f3 pr\u00e8via del responsable directe i no a la realitzaci\u00f3 efectiva i material d&#8217;un exc\u00e9s de jornada.<\/p>\n\n\n\n<p>3. El nou c\u00f2mput de fitxatges en relaci\u00f3 amb les abs\u00e8ncies per fumar, prendre caf\u00e8 o esmorzar, que fins ara s&#8217;integraven com a temps de treball dins de la jornada i no es fitxava ni es descomptava.<\/p>\n\n\n\n<p><\/p>\n","protected":false},"excerpt":{"rendered":"<p>L&#8217;AN declara v\u00e0lida la implantaci\u00f3 d&#8217;un sistema de registre de jornada que descompta el temps emprat en fumar o en l&#8217;esmorzar. Considera que el fet&#8230;<\/p>\n","protected":false},"author":2,"featured_media":0,"comment_status":"closed","ping_status":"open","sticky":false,"template":"","format":"standard","meta":[],"categories":[16],"acf":[],"_links":{"self":[{"href":"https:\/\/www.btsasociados.com\/ca\/wp-json\/wp\/v2\/posts\/2577"}],"collection":[{"href":"https:\/\/www.btsasociados.com\/ca\/wp-json\/wp\/v2\/posts"}],"about":[{"href":"https:\/\/www.btsasociados.com\/ca\/wp-json\/wp\/v2\/types\/post"}],"author":[{"embeddable":true,"href":"https:\/\/www.btsasociados.com\/ca\/wp-json\/wp\/v2\/users\/2"}],"replies":[{"embeddable":true,"href":"https:\/\/www.btsasociados.com\/ca\/wp-json\/wp\/v2\/comments?post=2577"}],"version-history":[{"count":0,"href":"https:\/\/www.btsasociados.com\/ca\/wp-json\/wp\/v2\/posts\/2577\/revisions"}],"wp:attachment":[{"href":"https:\/\/www.btsasociados.com\/ca\/wp-json\/wp\/v2\/media?parent=2577"}],"wp:term":[{"taxonomy":"category","embeddable":true,"href":"https:\/\/www.btsasociados.com\/ca\/wp-json\/wp\/v2\/categories?post=2577"}],"curies":[{"name":"wp","href":"https:\/\/api.w.org\/{rel}","templated":true}]}}