{"id":2391,"date":"2020-02-04T13:29:53","date_gmt":"2020-02-04T12:29:53","guid":{"rendered":"http:\/\/www.btsasociados.com\/?p=2391"},"modified":"2020-02-04T13:29:54","modified_gmt":"2020-02-04T12:29:54","slug":"regims-especials-aplicables-a-subjectes-no-residents-a-la-ue","status":"publish","type":"post","link":"https:\/\/www.btsasociados.com\/ca\/regims-especials-aplicables-a-subjectes-no-residents-a-la-ue\/","title":{"rendered":"R\u00e8gims especials aplicables a subjectes no residents a la UE"},"content":{"rendered":"\n<p><strong>Amb aplicaci\u00f3 des del 2021.01.01, es modifica el Rgto UE \/ 282\/2011 com a conseq\u00fc\u00e8ncia de les modificacions introdu\u00efdes en la Directiva 2006\/112 \/ CE per la Directiva (UE) 2017\/2455.<\/strong><\/p>\n\n\n\n<p>La Directiva (UE) 2017\/2455, va modificar la directiva comunit\u00e0ria de l&#8217;IVA, introduint els seg\u00fcents canvis:<\/p>\n\n\n\n<p>A. Ampliaci\u00f3 dels r\u00e8gims especials previstos per als subjectes passius no establerts que prestin serveis de telecomunicacions, de radiodifusi\u00f3 i televisi\u00f3 o per via electr\u00f2nica a persones que no siguin subjectes passius, a tots els tipus de serveis, aix\u00ed com a les vendes intracomunit\u00e0ries a dist\u00e0ncia de b\u00e9ns ia les vendes a dist\u00e0ncia de b\u00e9ns importats de tercers territoris o tercers pa\u00efsos.<\/p>\n\n\n\n<p>B. Introducci\u00f3 de determinades disposicions aplicables a subjectes passius que faciliten els lliuraments de b\u00e9ns o prestacions de serveis efectuades per altres subjectes passius mitjan\u00e7ant l&#8217;\u00fas d&#8217;interf\u00edcies electr\u00f2niques.<\/p>\n\n\n\n<p>A causa d&#8217;aquestes modificacions, s&#8217;ha considerat necessari actualitzar el Rgto UE \/ 282\/2011. Aquestes actualitzacions s\u00f3n aplicables des del 2021.01.01. Destaquem dins d&#8217;aquests canvis les seg\u00fcents q\u00fcestions:<\/p>\n\n\n\n<p>1. Es defineix i aclareix el terme \u00abde manera indirecta\u00bb, en les definicions de \u00abvendes intracomunit\u00e0ries a dist\u00e0ncia de b\u00e9ns\u00bb i de \u00abvendes a dist\u00e0ncia de b\u00e9ns importats de tercers territoris o tercers pa\u00efsos\u00bb, que es considera:<\/p>\n\n\n\n<p>-quan el prove\u00efdor subcontracta el lliurament a un tercer que els lliura f\u00edsicament el client;<\/p>\n\n\n\n<p>-quan \u00e9s un tercer l&#8217;encarregat de l&#8217;expedici\u00f3 o el transport, per\u00f2 el prove\u00efdor assumeix tota o part de la responsabilitat per el lliurament f\u00edsic;<\/p>\n\n\n\n<p>-quan el prove\u00efdor facturi i coure taxes de transport a el client i un tercer s&#8217;encarregui d&#8217;organitzar l&#8217;expedici\u00f3 o el transport de b\u00e9ns.<\/p>\n\n\n\n<p>2. En el cas de lliurament de b\u00e9ns o prestaci\u00f3 de serveis mitjan\u00e7ant una interf\u00edcie electr\u00f2nica, es precisa el significat de el terme \u00abfacilitar\u00bb, i aclareix en quins casos no es considera que un subjecte passiu facilita, que \u00e9s:<\/p>\n\n\n\n<p>-quan el prove\u00efdor facturi i coure taxes de transport a el client i un tercer s&#8217;encarregui d&#8217;organitzar l&#8217;expedici\u00f3 o el transport de b\u00e9ns;<\/p>\n\n\n\n<p>-quan el prove\u00efdor contribueixi per qualsevol mitj\u00e0 als serveis de lliurament d&#8217;un tercer, els posi en contacte o faciliti la informaci\u00f3 necess\u00e0ria per al lliurament dels b\u00e9ns a consumidor.<\/p>\n\n\n\n<p>3. Pel que fa als subjectes passius que facilitin els lliuraments de b\u00e9ns a la Comunitat mitjan\u00e7ant l&#8217;\u00fas d&#8217;una interf\u00edcie electr\u00f2nica o utilitzin el r\u00e8gim especial aplicable a les vendes a dist\u00e0ncia de b\u00e9ns importats de tercers territoris o tercers pa\u00efsos, s&#8217;aclareix que el moment en que es considera acceptat el pagament \u00e9s (el que passi primer): la confirmaci\u00f3 de l&#8217;pagament, el missatge d&#8217;autoritzaci\u00f3 o un comprom\u00eds de pagament.<\/p>\n\n\n\n<p>4. En funci\u00f3 de la naturalesa de la informaci\u00f3 a la qual poden accedir els subjectes passius que faciliten el lliurament de b\u00e9ns i serveis mitjan\u00e7ant l&#8217;\u00fas d&#8217;una interf\u00edcie electr\u00f2nica, aix\u00ed com dels seus costos associats, es determina quin tipus d&#8217;informaci\u00f3 s&#8217;ha de conservar en els registres dels subjectes passius que facilitin els lliuraments de b\u00e9ns i les prestacions de serveis a la Comunitat mitjan\u00e7ant l&#8217;\u00fas d&#8217;una interf\u00edcie electr\u00f2nica.<\/p>\n\n\n\n<p>D&#8217;altra banda, a l&#8217;dependre seus registres de la informaci\u00f3 proporcionada per tercers, si aquesta \u00e9s incorrecta, no se&#8217;l considera deutor de cap import d&#8217;IVA que superi el que hagi declarat i pagat sobre aquestes entregues, si pot demostrar que no havia conegut ni podia con\u00e8ixer raonablement que la informaci\u00f3 rebuda era incorrecta.<\/p>\n\n\n\n<p>En aquestes operacions es presumeix que els prove\u00efdors que venen b\u00e9ns a trav\u00e9s d&#8217;aquesta interf\u00edcie electr\u00f2nica s\u00f3n subjectes passius i dels seus clients, que no ho s\u00f3n. No obstant es permet prova en contra.<\/p>\n\n\n\n<p>5. Respecte als r\u00e8gims especials previs per als subjectes passius que presten serveis a persones que no tenen la condici\u00f3 de subjectes passius o que realitzen vendes a dist\u00e0ncia de b\u00e9ns o lliuraments nacionals de b\u00e9ns:<\/p>\n\n\n\n<p>a) S&#8217;aclareix el n\u00famero d&#8217;identificaci\u00f3 assignat a un intermediari que actua en nom i per compte d&#8217;un subjecte passiu que utilitza el r\u00e8gim d&#8217;importaci\u00f3 \u00e9s una autoritzaci\u00f3 que li permet actuar com a intermediari i no pot ser utilitzat per l&#8217;intermediari per declarar l&#8217;IVA sobre les operacions subjectes a aquest impost.<\/p>\n\n\n\n<p>b) Se suprimeix la disposici\u00f3 per la qual s&#8217;exclou a un subjecte passiu que hagi deixat volunt\u00e0riament d&#8217;usar un r\u00e8gim especial, de reincorporar a l&#8217;esmentat r\u00e8gim especial durant un per\u00edode de dos trimestres civils (Rgto UE \/ 282\/2011 art.57 octies redacc Rgto (UE) 2019\/2026).<\/p>\n\n\n\n<p>c) Quant a les rectificacions de les declaracions de l&#8217;impost que han de presentar fins a l&#8217;\u00faltim per\u00edode declaratiu de l&#8217;any 2020, es realitza per mitj\u00e0 de modificacions d&#8217;aquesta declaraci\u00f3. A partir d&#8217;l&#8217;1 de gener de 2021, qualsevol modificaci\u00f3 de les xifres contingudes en la declaraci\u00f3 de l&#8217;IVA pel que fa als per\u00edodes a partir del primer per\u00edode de declaraci\u00f3, certs canvis espec\u00edfics, mitjan\u00e7ant ajustos en una declaraci\u00f3 subseg\u00fcent.<\/p>\n\n\n\n<p>Els subjectes passius exclosos d&#8217;un r\u00e8gim especial ja no poden introduir rectificacions en una declaraci\u00f3 subseg\u00fcent. Per tant, les rectificacions s&#8217;han de fer directament davant les autoritats tribut\u00e0ries dels Estats membres de consum corresponents.<\/p>\n\n\n\n<p>d) Als efectes de control, els subjectes passius que apliquen aquests r\u00e8gims especials han d&#8217;incloure en els seus registres informaci\u00f3 sobre les transfer\u00e8ncies de b\u00e9ns i els n\u00fameros d&#8217;expedici\u00f3 o de casos.<\/p>\n\n\n\n<p>S&#8217;elimina l&#8217;obligaci\u00f3 de relacionar el nom, si es coneix, de el client (Rgto UE \/ 282\/2011 art. 63 quater redacc Rgto (UE) 2019\/2026).<\/p>\n\n\n\n<p>e) Pel que fa a el r\u00e8gim especial per a la declaraci\u00f3 i liquidaci\u00f3 de l&#8217;IVA en les importacions, s&#8217;especifica que els ajornaments en el pagament de l&#8217;impost sobre les importacions poden estar subjectes a les condicions habituals aplicades en la virtut de el Dret duaner per autoritzar l&#8217;ajornament de l&#8217; pagament dels drets d&#8217;importaci\u00f3.<\/p>\n\n\n\n<p>L&#8217;aplicaci\u00f3 d&#8217;aquest r\u00e8gim especial no obliga els estats membres a exigir que la persona que presenti els b\u00e9ns en duana compti amb l&#8217;autoritzaci\u00f3 de la persona a la qual es destina els b\u00e9ns.<\/p>\n","protected":false},"excerpt":{"rendered":"<p>Amb aplicaci\u00f3 des del 2021.01.01, es modifica el Rgto UE \/ 282\/2011 com a conseq\u00fc\u00e8ncia de les modificacions introdu\u00efdes en la Directiva 2006\/112 \/ CE&#8230;<\/p>\n","protected":false},"author":2,"featured_media":0,"comment_status":"closed","ping_status":"open","sticky":false,"template":"","format":"standard","meta":[],"categories":[14],"acf":[],"_links":{"self":[{"href":"https:\/\/www.btsasociados.com\/ca\/wp-json\/wp\/v2\/posts\/2391"}],"collection":[{"href":"https:\/\/www.btsasociados.com\/ca\/wp-json\/wp\/v2\/posts"}],"about":[{"href":"https:\/\/www.btsasociados.com\/ca\/wp-json\/wp\/v2\/types\/post"}],"author":[{"embeddable":true,"href":"https:\/\/www.btsasociados.com\/ca\/wp-json\/wp\/v2\/users\/2"}],"replies":[{"embeddable":true,"href":"https:\/\/www.btsasociados.com\/ca\/wp-json\/wp\/v2\/comments?post=2391"}],"version-history":[{"count":0,"href":"https:\/\/www.btsasociados.com\/ca\/wp-json\/wp\/v2\/posts\/2391\/revisions"}],"wp:attachment":[{"href":"https:\/\/www.btsasociados.com\/ca\/wp-json\/wp\/v2\/media?parent=2391"}],"wp:term":[{"taxonomy":"category","embeddable":true,"href":"https:\/\/www.btsasociados.com\/ca\/wp-json\/wp\/v2\/categories?post=2391"}],"curies":[{"name":"wp","href":"https:\/\/api.w.org\/{rel}","templated":true}]}}