{"id":1998,"date":"2019-09-02T10:55:44","date_gmt":"2019-09-02T09:55:44","guid":{"rendered":"http:\/\/www.btsasociados.com\/?p=1998"},"modified":"2019-09-02T10:55:45","modified_gmt":"2019-09-02T09:55:45","slug":"transformacio-en-indefinit-de-contracte-dobra-vinculat-a-una-contracta","status":"publish","type":"post","link":"https:\/\/www.btsasociados.com\/ca\/transformacio-en-indefinit-de-contracte-dobra-vinculat-a-una-contracta\/","title":{"rendered":"Transformaci\u00f3 en indefinit de contracte d&#8217;obra vinculat a una contracta"},"content":{"rendered":"\n<p><strong>El TS estableix que un contracte per a obra o servei determinat vinculat a una contracta ha d&#8217;entendre transformat en indefinit quan l&#8217;expectativa de finalitzaci\u00f3 del mateix es torna excepcionalment remota donat el manteniment inusual i particularment llarg de l&#8217;adscripci\u00f3 del treballador a l&#8217;atenci\u00f3 de les mateixes funcions que es van adscrivint a successives modificacions de la mateixa contracta inicial.<\/strong><\/p>\n\n\n\n<p>Constitueix la q\u00fcesti\u00f3 debatuda la qualificaci\u00f3 -des de la perspectiva de la durada- de la naturalesa de la relaci\u00f3 laboral que, acollida a la modalitat de durada determinada per obra o servei, vinculat a una contracta, s&#8217;ha mantingut viva durant m\u00e9s de 14 anys, valorant si l&#8217;atribuci\u00f3 a la treballadora de les funcions necess\u00e0ries per desenvolupar l&#8217;activitat contractada amb una tercera empresa pot servir per justificar la temporalitat del vincle.<\/p>\n\n\n\n<p>La Sala, aplicant la seva doctrina sobre la delimitaci\u00f3 del concepte de durada determinada, que perqu\u00e8 un contracte sigui veritablement temporal no n&#8217;hi ha prou amb l&#8217;expressi\u00f3 en el text del mateix de tal car\u00e0cter temporal i la durada concreta que se li assigna, sin\u00f3 que ha de complir inexorablement tots els requisits i exig\u00e8ncies que la Llei imposa (per totes, TS 27-4-18, EDJ 82.439).<\/p>\n\n\n\n<p>D&#8217;altra banda, la jurisprud\u00e8ncia accepta la licitud de la vinculaci\u00f3 del contracte per a obra o servei a la durada de les contractes, encara que la seva celebraci\u00f3 no estigui expressament prevista en el conveni col\u00b7lectiu, per\u00f2 sempre que no hi hagi frau interpositorio.<\/p>\n\n\n\n<p>En aquests casos \u00e9s clar que no hi ha un treball dirigit a l&#8217;execuci\u00f3 d&#8217;una obra entesa com elaboraci\u00f3 d&#8217;una cosa determinada dins d&#8217;un proc\u00e9s amb principi i fi, per\u00f2 existeix, per\u00f2, una necessitat de treball temporalment limitada per a l&#8217;empresa i objectivament definida, i aquesta resulta una limitaci\u00f3 coneguda per les parts en el moment de contractar i que opera, per tant, com un l\u00edmit temporal previsible en la mesura que el servei es presta per enc\u00e0rrec d&#8217;un tercer i mentre es mantingui aquest.<\/p>\n\n\n\n<p>Cal aix\u00ed mateix que mentre el mateix contractista \u00e9s titular de la contracta, sigui per pr\u00f2rroga o per nova adjudicaci\u00f3, no es pot entendre que hi hagi arribat al seu terme la relaci\u00f3 laboral.<\/p>\n\n\n\n<p>Si b\u00e9 \u00e9s cert, per tant, que la causa de temporalitat pot perviure malgrat aquesta modificaci\u00f3, pr\u00f2rroga o nova adjudicaci\u00f3 de la contracta a la mateixa empresa, aix\u00f2 no exclou l&#8217;exigibilitat i el manteniment de tots els elements b\u00e0sics que naturalitzen aquest tipus de contracte de durada determinada. Per aix\u00f2, s&#8217;excedeix i supera la particular situaci\u00f3 de la simple pr\u00f2rroga de la contracta, desnaturalitzant la contractaci\u00f3 temporal i pervertint el seu objecte i finalitat, quan l&#8217;autonomia i identitat de la contracta, justificativa de la contractaci\u00f3 temporal, es desdibuixa en esdevenir una activitat que, per les seves caracter\u00edstiques de reiteraci\u00f3 a trav\u00e9s de successives ampliacions, evidencia que l&#8217;empresa necess\u00e0riament ha incorporat ja a la seva habitual quefer, malgrat la qual cosa ha mantingut el mateix contracte d&#8217;obra o servei.<\/p>\n\n\n\n<p><a href=\"https:\/\/online.elderecho.com\/seleccionProducto.do?producto=UNIVERSAL&amp;nref=2019\/544217&amp;acotacion=undefined#\/presentar.do?nref=7e384dd9&amp;producto=UNIVERSAL&amp;anchor=undefined\">STS Sala 4\u00aa de 5 marzo de 2019. EDJ 2019\/544217<\/a><\/p>\n","protected":false},"excerpt":{"rendered":"<p>El TS estableix que un contracte per a obra o servei determinat vinculat a una contracta ha d&#8217;entendre transformat en indefinit quan l&#8217;expectativa de finalitzaci\u00f3&#8230;<\/p>\n","protected":false},"author":2,"featured_media":0,"comment_status":"closed","ping_status":"open","sticky":false,"template":"","format":"standard","meta":[],"categories":[16],"acf":[],"_links":{"self":[{"href":"https:\/\/www.btsasociados.com\/ca\/wp-json\/wp\/v2\/posts\/1998"}],"collection":[{"href":"https:\/\/www.btsasociados.com\/ca\/wp-json\/wp\/v2\/posts"}],"about":[{"href":"https:\/\/www.btsasociados.com\/ca\/wp-json\/wp\/v2\/types\/post"}],"author":[{"embeddable":true,"href":"https:\/\/www.btsasociados.com\/ca\/wp-json\/wp\/v2\/users\/2"}],"replies":[{"embeddable":true,"href":"https:\/\/www.btsasociados.com\/ca\/wp-json\/wp\/v2\/comments?post=1998"}],"version-history":[{"count":0,"href":"https:\/\/www.btsasociados.com\/ca\/wp-json\/wp\/v2\/posts\/1998\/revisions"}],"wp:attachment":[{"href":"https:\/\/www.btsasociados.com\/ca\/wp-json\/wp\/v2\/media?parent=1998"}],"wp:term":[{"taxonomy":"category","embeddable":true,"href":"https:\/\/www.btsasociados.com\/ca\/wp-json\/wp\/v2\/categories?post=1998"}],"curies":[{"name":"wp","href":"https:\/\/api.w.org\/{rel}","templated":true}]}}