{"id":1365,"date":"2019-05-29T17:08:56","date_gmt":"2019-05-29T16:08:56","guid":{"rendered":"http:\/\/www.btsasociados.com\/?p=1365\/"},"modified":"2019-05-29T17:08:56","modified_gmt":"2019-05-29T16:08:56","slug":"com-tributa-la-indemnitzacio-que-rep-advocat-que-cessa-com-a-soci-dempresa","status":"publish","type":"post","link":"https:\/\/www.btsasociados.com\/ca\/com-tributa-la-indemnitzacio-que-rep-advocat-que-cessa-com-a-soci-dempresa\/","title":{"rendered":"Com tributa la indemnitzaci\u00f3 que rep advocat que cessa com a soci d&#8217;empresa?"},"content":{"rendered":"<p>Assenyala el TSJ Val\u00e8ncia que l&#8217;import que rep un advocat, en la seva qualitat de soci d&#8217;una mercantil, al qual se cessa anticipadament per acord de la Junta, tributa com a rendiment d&#8217;activitats econ\u00f2miques, sense que sigui possible aplicar la reducci\u00f3 per irregularitat.<\/p>\n<p>Un advocat, soci d&#8217;una empresa entre els anys 2007 i 2010, cessa anticipadament per acord de la Junta, i de conformitat amb els estatuts de la mercantil percep una compensaci\u00f3 de 280.000 euros.<\/p>\n<p>En liquidar l&#8217;IRPF, el contribuent declara la compensaci\u00f3 com a rendiment del treball i aplica la reducci\u00f3 per irregularitat del 40% (actualment del 30%).<\/p>\n<p>L&#8217;Administraci\u00f3, disconforme amb la qualificaci\u00f3 dels rendiments, gira la corresponent liquidaci\u00f3, que es recorre primer en via administrativa i posteriorment en via contenciosa.<\/p>\n<p>Despr\u00e9s d&#8217;analitzar els fets, el Tribunal conclou:<\/p>\n<p>1. Que la relaci\u00f3 que uneix al recurrent, soci capitalista, amb la mercantil, no t\u00e9 les notes d&#8217;alienitat i depend\u00e8ncia pr\u00f2pies de la relaci\u00f3 laboral:<\/p>\n<p>&#8211; tots els socis professionals de la mercantil estan obligat a finan\u00e7ar les operacions de la societat i a disposar dels mitjans materials necessaris que facilitin la total dedicaci\u00f3 i disponibilitat per a l&#8217;atenci\u00f3 professional dels afers de la societat i els seus clients;<\/p>\n<p>&#8211; la remuneraci\u00f3 pels serveis prestats consisteix d&#8217;una banda, en una retribuci\u00f3 fixa i, d&#8217;altra banda, en una retribuci\u00f3 variable, per a la quantificaci\u00f3 s&#8217;ha de tenir en compte l&#8217;actuaci\u00f3 professional, \u00e9s a dir, la contribuci\u00f3 a la generaci\u00f3 dels resultats de la signatura.<\/p>\n<p>Per tant, el contribuent realitza una prestaci\u00f3 de serveis que ha de qualificar-se a l&#8217;efecte de l&#8217;IRPF com una activitat econ\u00f2mica.<\/p>\n<p>2. Que es denominen rendiments irregulars aquells rendiments que s&#8217;han anat generant i produint al llarg de diversos per\u00edodes impositius, per\u00f2 que no han estat objecte de retribuci\u00f3 en el seu moment, b\u00e9 perqu\u00e8 es tractava de rendiments latents o b\u00e9 perqu\u00e8 no eren l\u00edquids o liquidables quan es van produir.<\/p>\n<p>En el cas concret, no s&#8217;est\u00e0 retribuint l&#8217;activitat desenvolupada en el passat immediat per a la signatura, sin\u00f3 indemnitzant el cessament en ella per al futur.<\/p>\n<p>Per tant, no cal defensar l&#8217;exist\u00e8ncia d&#8217;un per\u00edode de generaci\u00f3, ja que el dret a percebre la compensaci\u00f3 neix en el mateix moment del cessament ( \u00abex novo\u00bb) i com a conseq\u00fc\u00e8ncia de l&#8217;acord de la Junta de socis que \u00e9s la que unilateralment ho decideix.<\/p>\n<p>STSJ Comunidad Valenciana Sala de lo Contencioso-Administrativo. EDJ 2018\/692315<\/p>\n","protected":false},"excerpt":{"rendered":"<p>Assenyala el TSJ Val\u00e8ncia que l&#8217;import que rep un advocat, en la seva qualitat de soci d&#8217;una mercantil, al qual se cessa anticipadament per acord&#8230;<\/p>\n","protected":false},"author":2,"featured_media":0,"comment_status":"closed","ping_status":"open","sticky":false,"template":"","format":"standard","meta":[],"categories":[14],"acf":[],"_links":{"self":[{"href":"https:\/\/www.btsasociados.com\/ca\/wp-json\/wp\/v2\/posts\/1365"}],"collection":[{"href":"https:\/\/www.btsasociados.com\/ca\/wp-json\/wp\/v2\/posts"}],"about":[{"href":"https:\/\/www.btsasociados.com\/ca\/wp-json\/wp\/v2\/types\/post"}],"author":[{"embeddable":true,"href":"https:\/\/www.btsasociados.com\/ca\/wp-json\/wp\/v2\/users\/2"}],"replies":[{"embeddable":true,"href":"https:\/\/www.btsasociados.com\/ca\/wp-json\/wp\/v2\/comments?post=1365"}],"version-history":[{"count":0,"href":"https:\/\/www.btsasociados.com\/ca\/wp-json\/wp\/v2\/posts\/1365\/revisions"}],"wp:attachment":[{"href":"https:\/\/www.btsasociados.com\/ca\/wp-json\/wp\/v2\/media?parent=1365"}],"wp:term":[{"taxonomy":"category","embeddable":true,"href":"https:\/\/www.btsasociados.com\/ca\/wp-json\/wp\/v2\/categories?post=1365"}],"curies":[{"name":"wp","href":"https:\/\/api.w.org\/{rel}","templated":true}]}}